{"id":35968,"date":"2025-09-30T13:00:27","date_gmt":"2025-09-30T11:00:27","guid":{"rendered":"https:\/\/www.astravernici.it\/?p=35968"},"modified":"2025-09-24T09:09:43","modified_gmt":"2025-09-24T07:09:43","slug":"larte-della-colorimetria-come-i-colori-trasformano-spazi-emozioni-e-durabilita","status":"publish","type":"post","link":"https:\/\/www.astravernici.it\/it\/larte-della-colorimetria-come-i-colori-trasformano-spazi-emozioni-e-durabilita\/","title":{"rendered":"L\u2019arte della colorimetria: come i colori trasformano spazi, emozioni e durabilit\u00e0"},"content":{"rendered":"<p>[vc_row css=&#8221;.vc_custom_1676640948266{padding-top: 30px !important;}&#8221;][vc_column][vc_row_inner equal_height=&#8221;yes&#8221; content_placement=&#8221;middle&#8221;][vc_column_inner width=&#8221;2\/3&#8243;][vc_column_text]<\/p>\n<h2>L\u2019arte della colorimetria: come i colori trasformano spazi, emozioni e durabilit\u00e0<\/h2>\n<p>[\/vc_column_text][vc_empty_space][vc_column_text]<\/p>\n<h6>Indice:<\/h6>\n<ul>\n<li><a href=\"#colore\">Colore ed emozione: il potere invisibile<\/a><\/li>\n<li><a href=\"#armonia\">La scienza dell\u2019armonia<\/a><\/li>\n<li><a href=\"#tecnologia\">Dove l\u2019arte incontra la tecnologia<\/a><\/li>\n<\/ul>\n<p>[\/vc_column_text][vc_empty_space height=&#8221;25px&#8221;][vc_column_text el_id=&#8221;1&#8243;]La colorimetria non \u00e8 solo una scienza: \u00e8 un\u2019arte che combina estetica, funzionalit\u00e0 ed emozione. Padroneggiando lo studio del colore e delle sue applicazioni, architetti, designer e l\u2019industria delle vernici possono trasformare gli spazi, influenzarne la percezione e garantire prestazioni durature.[\/vc_column_text][vc_empty_space height=&#8221;20px&#8221;][vc_column_text el_id=&#8221;colore&#8221;]<\/p>\n<h3>Colore ed emozione: il potere invisibile<\/h3>\n<p><span style=\"font-weight: 400;\">Ogni tonalit\u00e0 porta con s\u00e9 un messaggio e scatena una reazione.<\/span><\/p>\n<p><span style=\"font-weight: 400;\">Le <\/span><b>tonalit\u00e0 calde<\/b><span style=\"font-weight: 400;\"> come rossi, arancioni e gialli trasmettono energia e vitalit\u00e0, ideali per spazi dinamici e sociali.<\/span><\/p>\n<p><span style=\"font-weight: 400;\">Le <\/span><b>tonalit\u00e0 fredde <\/b><span style=\"font-weight: 400;\">come blu e verdi evocano calma e concentrazione, perfette per aree di relax o ambienti di lavoro creativo.<\/span><\/p>\n<p><span style=\"font-weight: 400;\">Le <\/span><b>sfumature neutre<\/b><span style=\"font-weight: 400;\"> ed eleganti come bianchi, grigi e beige creano equilibrio e versatilit\u00e0, offrendo una tela senza tempo per progetti moderni.<\/span><\/p>\n<p><span style=\"font-weight: 400;\">La scelta del colore non \u00e8 mai casuale: influenza emozioni, comportamenti e persino la percezione dello spazio e delle proporzioni.<\/span>[\/vc_column_text][vc_empty_space height=&#8221;20px&#8221;][vc_column_text el_id=&#8221;armonia&#8221;]<\/p>\n<h3>La scelta dell\u2019armonia<\/h3>\n<p><span style=\"font-weight: 400;\">La vera sfida sta nell\u2019equilibrio: trasformare la scienza del colore in un\u2019esperienza sensoriale e funzionale. \u00c8 qui che design, psicologia e chimica si incontrano, dando vita a progetti in cui ogni tonalit\u00e0 racconta una storia e ogni superficie \u00e8 creata per durare.<\/span>[\/vc_column_text][vc_empty_space height=&#8221;20px&#8221;][vc_column_text el_id=&#8221;tecnologia&#8221;]<\/p>\n<h3>Dove l\u2019arte incontra la tecnologia<\/h3>\n<p><span style=\"font-weight: 400;\">La colorimetria applicata va ben oltre l\u2019estetica: riguarda anche la precisione tecnica.<\/span><\/p>\n<p><span style=\"font-weight: 400;\">Il nostro avanzato sistema tintometrico KROMA MIX \u00e8 stato sviluppato per riprodurre fedelmente tonalit\u00e0 e finiture con la massima accuratezza, garantendo coerenza dal concept alla realizzazione.<\/span><\/p>\n<p><span style=\"font-weight: 400;\">\ud83d\udc49<\/span><span style=\"font-weight: 400;\"> Per scoprire di pi\u00f9 sulla nostra tecnologia, consulta il nostro <\/span><a href=\"https:\/\/www.astravernici.it\/wp-content\/uploads\/2025\/07\/TINTOMETRY-CATALOGUE-07-2025.pdf\"><b>Catalogo Tintometrico<\/b><span style=\"font-weight: 400;\">.<\/span><\/a>[\/vc_column_text][vc_empty_space height=&#8221;60px&#8221;][vc_column_text]<em>Diritti d&#8217;autore: Le immagini utilizzate in questo articolo, non sono di nostra propriet\u00e0.<\/em>[\/vc_column_text][\/vc_column_inner][vc_column_inner width=&#8221;1\/3&#8243;][vc_single_image image=&#8221;35980&#8243; img_size=&#8221;full&#8221;][\/vc_column_inner][\/vc_row_inner][\/vc_column][\/vc_row]<\/p>\n","protected":false},"excerpt":{"rendered":"<p>Scopri come la colorimetria trasforma emozioni e spazi unendo arte, design e tecnologia con il sistema tintometrico KROMA MIX.<\/p>\n","protected":false},"author":1,"featured_media":35978,"comment_status":"closed","ping_status":"closed","sticky":false,"template":"","format":"standard","meta":{"_mi_skip_tracking":false,"_monsterinsights_sitenote_active":false,"_monsterinsights_sitenote_note":"","_monsterinsights_sitenote_category":0},"categories":[518],"tags":[],"yoast_head":"<!-- This site is optimized with the Yoast SEO Premium plugin v16.0.3 (Yoast SEO v17.6) - https:\/\/yoast.com\/wordpress\/plugins\/seo\/ -->\n<title>L\u2019arte della colorimetria: come i colori trasformano spazi, emozioni e durabilit\u00e0 | Astra Vernici<\/title>\n<meta name=\"description\" content=\"Scopri come la colorimetria trasforma emozioni e spazi unendo arte, design e tecnologia con il sistema tintometrico KROMA MIX.\" \/>\n<meta name=\"robots\" content=\"index, follow, max-snippet:-1, max-image-preview:large, max-video-preview:-1\" \/>\n<link rel=\"canonical\" href=\"https:\/\/www.astravernici.it\/it\/larte-della-colorimetria-come-i-colori-trasformano-spazi-emozioni-e-durabilita\/\" \/>\n<meta property=\"og:locale\" content=\"it_IT\" \/>\n<meta property=\"og:type\" content=\"article\" \/>\n<meta property=\"og:title\" content=\"Vernici al Centro: Sviluppi, Sostenibilit\u00e0 e Design nel Mondo del Legno\" \/>\n<meta property=\"og:description\" content=\"Scopri come le vernici per legno stanno rivoluzionando il design degli interni, con soluzioni innovative, sostenibili e accattivanti.\" \/>\n<meta property=\"og:url\" content=\"https:\/\/www.astravernici.it\/it\/larte-della-colorimetria-come-i-colori-trasformano-spazi-emozioni-e-durabilita\/\" \/>\n<meta property=\"og:site_name\" content=\"Astra Vernici\" \/>\n<meta property=\"article:published_time\" content=\"2025-09-30T11:00:27+00:00\" \/>\n<meta property=\"article:modified_time\" content=\"2025-09-24T07:09:43+00:00\" \/>\n<meta property=\"og:image\" content=\"https:\/\/www.astravernici.it\/wp-content\/uploads\/2025\/09\/blog-astra.jpg\" \/>\n\t<meta property=\"og:image:width\" content=\"1920\" \/>\n\t<meta property=\"og:image:height\" content=\"1262\" \/>\n<meta name=\"twitter:card\" content=\"summary_large_image\" \/>\n<meta name=\"twitter:title\" content=\"Vernici al Centro: Sviluppi, Sostenibilit\u00e0 e Design nel Mondo del Legno\" \/>\n<meta name=\"twitter:description\" content=\"Scopri come le vernici per legno stanno rivoluzionando il design degli interni, con soluzioni innovative, sostenibili e accattivanti.\" \/>\n<meta name=\"twitter:label1\" content=\"Scritto da\" \/>\n\t<meta name=\"twitter:data1\" content=\"admin\" \/>\n\t<meta name=\"twitter:label2\" content=\"Tempo di lettura stimato\" \/>\n\t<meta name=\"twitter:data2\" content=\"2 minuti\" \/>\n<script type=\"application\/ld+json\" class=\"yoast-schema-graph\">{\"@context\":\"https:\/\/schema.org\",\"@graph\":[{\"@type\":\"Organization\",\"@id\":\"https:\/\/www.astravernici.it\/it\/#organization\",\"name\":\"Astra Vernici\",\"url\":\"https:\/\/www.astravernici.it\/it\/\",\"sameAs\":[],\"logo\":{\"@type\":\"ImageObject\",\"@id\":\"https:\/\/www.astravernici.it\/it\/#logo\",\"inLanguage\":\"it-IT\",\"url\":\"https:\/\/www.astravernici.it\/wp-content\/uploads\/2025\/10\/Logo-_Astra_750x492.svg\",\"contentUrl\":\"https:\/\/www.astravernici.it\/wp-content\/uploads\/2025\/10\/Logo-_Astra_750x492.svg\",\"caption\":\"Astra Vernici\"},\"image\":{\"@id\":\"https:\/\/www.astravernici.it\/it\/#logo\"}},{\"@type\":\"WebSite\",\"@id\":\"https:\/\/www.astravernici.it\/it\/#website\",\"url\":\"https:\/\/www.astravernici.it\/it\/\",\"name\":\"Astra Vernici\",\"description\":\"Your Coating Partner\",\"publisher\":{\"@id\":\"https:\/\/www.astravernici.it\/it\/#organization\"},\"potentialAction\":[{\"@type\":\"SearchAction\",\"target\":{\"@type\":\"EntryPoint\",\"urlTemplate\":\"https:\/\/www.astravernici.it\/it\/?s={search_term_string}\"},\"query-input\":\"required name=search_term_string\"}],\"inLanguage\":\"it-IT\"},{\"@type\":\"ImageObject\",\"@id\":\"https:\/\/www.astravernici.it\/it\/larte-della-colorimetria-come-i-colori-trasformano-spazi-emozioni-e-durabilita\/#primaryimage\",\"inLanguage\":\"it-IT\",\"url\":\"https:\/\/www.astravernici.it\/wp-content\/uploads\/2025\/09\/blog-astra.jpg\",\"contentUrl\":\"https:\/\/www.astravernici.it\/wp-content\/uploads\/2025\/09\/blog-astra.jpg\",\"width\":1920,\"height\":1262},{\"@type\":\"WebPage\",\"@id\":\"https:\/\/www.astravernici.it\/it\/larte-della-colorimetria-come-i-colori-trasformano-spazi-emozioni-e-durabilita\/#webpage\",\"url\":\"https:\/\/www.astravernici.it\/it\/larte-della-colorimetria-come-i-colori-trasformano-spazi-emozioni-e-durabilita\/\",\"name\":\"L\\u2019arte della colorimetria: come i colori trasformano spazi, emozioni e durabilit\\u00e0 | Astra Vernici\",\"isPartOf\":{\"@id\":\"https:\/\/www.astravernici.it\/it\/#website\"},\"primaryImageOfPage\":{\"@id\":\"https:\/\/www.astravernici.it\/it\/larte-della-colorimetria-come-i-colori-trasformano-spazi-emozioni-e-durabilita\/#primaryimage\"},\"datePublished\":\"2025-09-30T11:00:27+00:00\",\"dateModified\":\"2025-09-24T07:09:43+00:00\",\"description\":\"Scopri come la colorimetria trasforma emozioni e spazi unendo arte, design e tecnologia con il sistema tintometrico KROMA MIX.\",\"breadcrumb\":{\"@id\":\"https:\/\/www.astravernici.it\/it\/larte-della-colorimetria-come-i-colori-trasformano-spazi-emozioni-e-durabilita\/#breadcrumb\"},\"inLanguage\":\"it-IT\",\"potentialAction\":[{\"@type\":\"ReadAction\",\"target\":[\"https:\/\/www.astravernici.it\/it\/larte-della-colorimetria-come-i-colori-trasformano-spazi-emozioni-e-durabilita\/\"]}]},{\"@type\":\"BreadcrumbList\",\"@id\":\"https:\/\/www.astravernici.it\/it\/larte-della-colorimetria-come-i-colori-trasformano-spazi-emozioni-e-durabilita\/#breadcrumb\",\"itemListElement\":[{\"@type\":\"ListItem\",\"position\":1,\"name\":\"Home\",\"item\":\"https:\/\/www.astravernici.it\/it\/\"},{\"@type\":\"ListItem\",\"position\":2,\"name\":\"L\\u2019arte della colorimetria: come i colori trasformano spazi, emozioni e durabilit\\u00e0\"}]},{\"@type\":\"Article\",\"@id\":\"https:\/\/www.astravernici.it\/it\/larte-della-colorimetria-come-i-colori-trasformano-spazi-emozioni-e-durabilita\/#article\",\"isPartOf\":{\"@id\":\"https:\/\/www.astravernici.it\/it\/larte-della-colorimetria-come-i-colori-trasformano-spazi-emozioni-e-durabilita\/#webpage\"},\"author\":{\"@id\":\"https:\/\/www.astravernici.it\/it\/#\/schema\/person\/1befcb2d75c5d7461dfe8727e0cc2f25\"},\"headline\":\"L\\u2019arte della colorimetria: come i colori trasformano spazi, emozioni e durabilit\\u00e0\",\"datePublished\":\"2025-09-30T11:00:27+00:00\",\"dateModified\":\"2025-09-24T07:09:43+00:00\",\"mainEntityOfPage\":{\"@id\":\"https:\/\/www.astravernici.it\/it\/larte-della-colorimetria-come-i-colori-trasformano-spazi-emozioni-e-durabilita\/#webpage\"},\"wordCount\":422,\"publisher\":{\"@id\":\"https:\/\/www.astravernici.it\/it\/#organization\"},\"image\":{\"@id\":\"https:\/\/www.astravernici.it\/it\/larte-della-colorimetria-come-i-colori-trasformano-spazi-emozioni-e-durabilita\/#primaryimage\"},\"thumbnailUrl\":\"https:\/\/www.astravernici.it\/wp-content\/uploads\/2025\/09\/blog-astra.jpg\",\"articleSection\":[\"News e Approfondimenti\"],\"inLanguage\":\"it-IT\"},{\"@type\":\"Person\",\"@id\":\"https:\/\/www.astravernici.it\/it\/#\/schema\/person\/1befcb2d75c5d7461dfe8727e0cc2f25\",\"name\":\"admin\",\"image\":{\"@type\":\"ImageObject\",\"@id\":\"https:\/\/www.astravernici.it\/it\/#personlogo\",\"inLanguage\":\"it-IT\",\"url\":\"https:\/\/secure.gravatar.com\/avatar\/62cf4c4e335d983185d7d49781248579?s=96&d=mm&r=g\",\"contentUrl\":\"https:\/\/secure.gravatar.com\/avatar\/62cf4c4e335d983185d7d49781248579?s=96&d=mm&r=g\",\"caption\":\"admin\"}}]}<\/script>\n<!-- \/ Yoast SEO Premium plugin. -->","yoast_head_json":{"title":"L\u2019arte della colorimetria: come i colori trasformano spazi, emozioni e durabilit\u00e0 | Astra Vernici","description":"Scopri come la colorimetria trasforma emozioni e spazi unendo arte, design e tecnologia con il sistema tintometrico KROMA MIX.","robots":{"index":"index","follow":"follow","max-snippet":"max-snippet:-1","max-image-preview":"max-image-preview:large","max-video-preview":"max-video-preview:-1"},"canonical":"https:\/\/www.astravernici.it\/it\/larte-della-colorimetria-come-i-colori-trasformano-spazi-emozioni-e-durabilita\/","og_locale":"it_IT","og_type":"article","og_title":"Vernici al Centro: Sviluppi, Sostenibilit\u00e0 e Design nel Mondo del Legno","og_description":"Scopri come le vernici per legno stanno rivoluzionando il design degli interni, con soluzioni innovative, sostenibili e accattivanti.","og_url":"https:\/\/www.astravernici.it\/it\/larte-della-colorimetria-come-i-colori-trasformano-spazi-emozioni-e-durabilita\/","og_site_name":"Astra Vernici","article_published_time":"2025-09-30T11:00:27+00:00","article_modified_time":"2025-09-24T07:09:43+00:00","og_image":[{"width":1920,"height":1262,"url":"https:\/\/www.astravernici.it\/wp-content\/uploads\/2025\/09\/blog-astra.jpg","type":"image\/jpeg"}],"twitter_card":"summary_large_image","twitter_title":"Vernici al Centro: Sviluppi, Sostenibilit\u00e0 e Design nel Mondo del Legno","twitter_description":"Scopri come le vernici per legno stanno rivoluzionando il design degli interni, con soluzioni innovative, sostenibili e accattivanti.","twitter_misc":{"Scritto da":"admin","Tempo di lettura stimato":"2 minuti"},"schema":{"@context":"https:\/\/schema.org","@graph":[{"@type":"Organization","@id":"https:\/\/www.astravernici.it\/it\/#organization","name":"Astra Vernici","url":"https:\/\/www.astravernici.it\/it\/","sameAs":[],"logo":{"@type":"ImageObject","@id":"https:\/\/www.astravernici.it\/it\/#logo","inLanguage":"it-IT","url":"https:\/\/www.astravernici.it\/wp-content\/uploads\/2025\/10\/Logo-_Astra_750x492.svg","contentUrl":"https:\/\/www.astravernici.it\/wp-content\/uploads\/2025\/10\/Logo-_Astra_750x492.svg","caption":"Astra Vernici"},"image":{"@id":"https:\/\/www.astravernici.it\/it\/#logo"}},{"@type":"WebSite","@id":"https:\/\/www.astravernici.it\/it\/#website","url":"https:\/\/www.astravernici.it\/it\/","name":"Astra Vernici","description":"Your Coating Partner","publisher":{"@id":"https:\/\/www.astravernici.it\/it\/#organization"},"potentialAction":[{"@type":"SearchAction","target":{"@type":"EntryPoint","urlTemplate":"https:\/\/www.astravernici.it\/it\/?s={search_term_string}"},"query-input":"required name=search_term_string"}],"inLanguage":"it-IT"},{"@type":"ImageObject","@id":"https:\/\/www.astravernici.it\/it\/larte-della-colorimetria-come-i-colori-trasformano-spazi-emozioni-e-durabilita\/#primaryimage","inLanguage":"it-IT","url":"https:\/\/www.astravernici.it\/wp-content\/uploads\/2025\/09\/blog-astra.jpg","contentUrl":"https:\/\/www.astravernici.it\/wp-content\/uploads\/2025\/09\/blog-astra.jpg","width":1920,"height":1262},{"@type":"WebPage","@id":"https:\/\/www.astravernici.it\/it\/larte-della-colorimetria-come-i-colori-trasformano-spazi-emozioni-e-durabilita\/#webpage","url":"https:\/\/www.astravernici.it\/it\/larte-della-colorimetria-come-i-colori-trasformano-spazi-emozioni-e-durabilita\/","name":"L\u2019arte della colorimetria: come i colori trasformano spazi, emozioni e durabilit\u00e0 | Astra Vernici","isPartOf":{"@id":"https:\/\/www.astravernici.it\/it\/#website"},"primaryImageOfPage":{"@id":"https:\/\/www.astravernici.it\/it\/larte-della-colorimetria-come-i-colori-trasformano-spazi-emozioni-e-durabilita\/#primaryimage"},"datePublished":"2025-09-30T11:00:27+00:00","dateModified":"2025-09-24T07:09:43+00:00","description":"Scopri come la colorimetria trasforma emozioni e spazi unendo arte, design e tecnologia con il sistema tintometrico KROMA MIX.","breadcrumb":{"@id":"https:\/\/www.astravernici.it\/it\/larte-della-colorimetria-come-i-colori-trasformano-spazi-emozioni-e-durabilita\/#breadcrumb"},"inLanguage":"it-IT","potentialAction":[{"@type":"ReadAction","target":["https:\/\/www.astravernici.it\/it\/larte-della-colorimetria-come-i-colori-trasformano-spazi-emozioni-e-durabilita\/"]}]},{"@type":"BreadcrumbList","@id":"https:\/\/www.astravernici.it\/it\/larte-della-colorimetria-come-i-colori-trasformano-spazi-emozioni-e-durabilita\/#breadcrumb","itemListElement":[{"@type":"ListItem","position":1,"name":"Home","item":"https:\/\/www.astravernici.it\/it\/"},{"@type":"ListItem","position":2,"name":"L\u2019arte della colorimetria: come i colori trasformano spazi, emozioni e durabilit\u00e0"}]},{"@type":"Article","@id":"https:\/\/www.astravernici.it\/it\/larte-della-colorimetria-come-i-colori-trasformano-spazi-emozioni-e-durabilita\/#article","isPartOf":{"@id":"https:\/\/www.astravernici.it\/it\/larte-della-colorimetria-come-i-colori-trasformano-spazi-emozioni-e-durabilita\/#webpage"},"author":{"@id":"https:\/\/www.astravernici.it\/it\/#\/schema\/person\/1befcb2d75c5d7461dfe8727e0cc2f25"},"headline":"L\u2019arte della colorimetria: come i colori trasformano spazi, emozioni e durabilit\u00e0","datePublished":"2025-09-30T11:00:27+00:00","dateModified":"2025-09-24T07:09:43+00:00","mainEntityOfPage":{"@id":"https:\/\/www.astravernici.it\/it\/larte-della-colorimetria-come-i-colori-trasformano-spazi-emozioni-e-durabilita\/#webpage"},"wordCount":422,"publisher":{"@id":"https:\/\/www.astravernici.it\/it\/#organization"},"image":{"@id":"https:\/\/www.astravernici.it\/it\/larte-della-colorimetria-come-i-colori-trasformano-spazi-emozioni-e-durabilita\/#primaryimage"},"thumbnailUrl":"https:\/\/www.astravernici.it\/wp-content\/uploads\/2025\/09\/blog-astra.jpg","articleSection":["News e Approfondimenti"],"inLanguage":"it-IT"},{"@type":"Person","@id":"https:\/\/www.astravernici.it\/it\/#\/schema\/person\/1befcb2d75c5d7461dfe8727e0cc2f25","name":"admin","image":{"@type":"ImageObject","@id":"https:\/\/www.astravernici.it\/it\/#personlogo","inLanguage":"it-IT","url":"https:\/\/secure.gravatar.com\/avatar\/62cf4c4e335d983185d7d49781248579?s=96&d=mm&r=g","contentUrl":"https:\/\/secure.gravatar.com\/avatar\/62cf4c4e335d983185d7d49781248579?s=96&d=mm&r=g","caption":"admin"}}]}},"_links":{"self":[{"href":"https:\/\/www.astravernici.it\/it\/wp-json\/wp\/v2\/posts\/35968"}],"collection":[{"href":"https:\/\/www.astravernici.it\/it\/wp-json\/wp\/v2\/posts"}],"about":[{"href":"https:\/\/www.astravernici.it\/it\/wp-json\/wp\/v2\/types\/post"}],"author":[{"embeddable":true,"href":"https:\/\/www.astravernici.it\/it\/wp-json\/wp\/v2\/users\/1"}],"replies":[{"embeddable":true,"href":"https:\/\/www.astravernici.it\/it\/wp-json\/wp\/v2\/comments?post=35968"}],"version-history":[{"count":5,"href":"https:\/\/www.astravernici.it\/it\/wp-json\/wp\/v2\/posts\/35968\/revisions"}],"predecessor-version":[{"id":35985,"href":"https:\/\/www.astravernici.it\/it\/wp-json\/wp\/v2\/posts\/35968\/revisions\/35985"}],"wp:featuredmedia":[{"embeddable":true,"href":"https:\/\/www.astravernici.it\/it\/wp-json\/wp\/v2\/media\/35978"}],"wp:attachment":[{"href":"https:\/\/www.astravernici.it\/it\/wp-json\/wp\/v2\/media?parent=35968"}],"wp:term":[{"taxonomy":"category","embeddable":true,"href":"https:\/\/www.astravernici.it\/it\/wp-json\/wp\/v2\/categories?post=35968"},{"taxonomy":"post_tag","embeddable":true,"href":"https:\/\/www.astravernici.it\/it\/wp-json\/wp\/v2\/tags?post=35968"}],"curies":[{"name":"wp","href":"https:\/\/api.w.org\/{rel}","templated":true}]}}