{"id":35687,"date":"2024-05-06T17:29:24","date_gmt":"2024-05-06T15:29:24","guid":{"rendered":"https:\/\/www.astravernici.it\/?p=35687"},"modified":"2024-05-06T18:36:19","modified_gmt":"2024-05-06T16:36:19","slug":"vernici-al-centro-sviluppi-sostenibilita-e-design-nel-mondo-del-legno","status":"publish","type":"post","link":"https:\/\/www.astravernici.it\/it\/vernici-al-centro-sviluppi-sostenibilita-e-design-nel-mondo-del-legno\/","title":{"rendered":"Vernici al Centro: Sviluppi, Sostenibilit\u00e0 e Design nel Mondo del Legno"},"content":{"rendered":"<p>[vc_row css=&#8221;.vc_custom_1676640948266{padding-top: 30px !important;}&#8221;][vc_column][vc_row_inner equal_height=&#8221;yes&#8221; content_placement=&#8221;middle&#8221;][vc_column_inner width=&#8221;2\/3&#8243;][vc_column_text]<\/p>\n<h2>Vernici al Centro: Sviluppi, Sostenibilit\u00e0 e Design nel Mondo del Legno<\/h2>\n<p>[\/vc_column_text][vc_empty_space][vc_column_text]<\/p>\n<h6>Indice:<\/h6>\n<ul>\n<li><a href=\"#1\">Introduzione<\/a><\/li>\n<li><a href=\"#2\">L&#8217;evoluzione delle vernici per legno<\/a><\/li>\n<li><a href=\"#3\">Innovazione e tecnologia nelle vernici<\/a><\/li>\n<li><a href=\"#4\">Impatto delle tendenze cromatiche<\/a><\/li>\n<li><a href=\"#5\">Sostenibilit\u00e0 nel design delle vernici<\/a><\/li>\n<li><a href=\"#6\">Collaborazioni tra designer e industria delle vernici<\/a><\/li>\n<li><a href=\"#7\">Il ruolo delle vernici nel restauro e conservazione<\/a><\/li>\n<li><a href=\"#8\">Casi studio: progetti iconici e innovativi<\/a><\/li>\n<li><a href=\"#9\">Futuro delle vernici nel design del legno<\/a><\/li>\n<li><a href=\"#10\">Conclusione<\/a><\/li>\n<\/ul>\n<p>[\/vc_column_text][vc_empty_space height=&#8221;25px&#8221;][vc_column_text el_id=&#8221;1&#8243;]<\/p>\n<h3>Introduzione<\/h3>\n<p>Nel design contemporaneo, le <strong>vernici per legno<\/strong> non sono pi\u00f9 semplici elementi di finitura; sono diventate strumenti essenziali per definire l&#8217;atmosfera e la funzionalit\u00e0 degli spazi. Questo articolo esplora il loro impatto trasformativo, mostrando come l&#8217;<strong>innovazione<\/strong> e la <strong>sostenibilit\u00e0<\/strong> nelle vernici stiano influenzando le tendenze del settore, spingendo i confini del design tradizionale verso nuove e audaci direzioni.[\/vc_column_text][vc_empty_space height=&#8221;20px&#8221;][vc_column_text el_id=&#8221;2&#8243;]<\/p>\n<h3>L&#8217;evoluzione delle vernici per legno<\/h3>\n<p>Originariamente concepite per proteggere il legno dagli elementi, le <strong>vernici<\/strong> hanno acquisito una nuova dimensione nel mondo del design. Le ricerche tecnologiche hanno permesso di sviluppare prodotti con caratteristiche migliorative, come maggiore <strong>durabilit\u00e0<\/strong> e <strong>resistenza<\/strong> all&#8217;umidit\u00e0 e agli agenti chimici, che si accompagnano a una vasta gamma di effetti estetici e materici, con effetti \u201ctattili\u201d. Dalle <strong>vernici trasparenti<\/strong> che esaltano la venatura naturale del legno fino alle opzioni ad alto impatto cromatico, l&#8217;evoluzione delle vernici \u00e8 parallela alla ricerca di soluzioni sempre pi\u00f9 <strong>personalizzate<\/strong> e <strong>innovative<\/strong>.[\/vc_column_text][vc_empty_space height=&#8221;20px&#8221;][vc_column_text el_id=&#8221;3&#8243;]<\/p>\n<h3>Innovazione e tecnologia nelle vernici<\/h3>\n<p>L&#8217;innovazione nel settore delle vernici non si limita al miglioramento delle formule. La <strong>rivoluzione digitale<\/strong>, per esempio, ha introdotto la possibilit\u00e0 di personalizzare le finiture in modi precedentemente impensabili. Sistemi di applicazione avanzati permettono ora di creare superfici che <strong>riflettono la luce in modi specifici<\/strong>, a seconda degli illuminanti utilizzati o dell\u2019angolo di incidenza di sguardo dell\u2019articolo, aumentando la luminosit\u00e0 degli ambienti o creando atmosfere particolari. Inoltre, l&#8217;introduzione di componenti \u201cintelligenti\u201d nelle vernici, come quelli che cambiano colore in risposta alla temperatura, apre nuove possibilit\u00e0 per il design <strong>dinamico<\/strong> e <strong>interattivo<\/strong>.[\/vc_column_text][vc_empty_space height=&#8221;20px&#8221;][vc_column_text el_id=&#8221;4&#8243;]<\/p>\n<h3>Impatto delle tendenze cromatiche<\/h3>\n<p>Nel design moderno, il <strong>colore<\/strong> \u00e8 fondamentale. Le <strong>vernici per legno<\/strong> giocano un ruolo chiave nel definire gli schemi cromatici che influenzano non solo l&#8217;estetica, ma anche la <strong>funzionalit\u00e0<\/strong> degli spazi. Colori <strong>caldi<\/strong> possono rendere un ambiente pi\u00f9 accogliente, mentre tonalit\u00e0 <strong>fredde<\/strong> possono essere usate per creare una sensazione di spaziosit\u00e0 e freschezza. I designer utilizzano questi strumenti per influenzare il <strong>comportamento<\/strong> umano, ad esempio, scegliendo colori che stimolano la concentrazione negli uffici o che rilassano nelle aree abitative.[\/vc_column_text][vc_empty_space height=&#8221;20px&#8221;][vc_column_text el_id=&#8221;5&#8243;]<\/p>\n<h3>Sostenibilit\u00e0 nel design delle vernici<\/h3>\n<p>La sostenibilit\u00e0 \u00e8 una <strong>priorit\u00e0<\/strong> crescente per i produttori di vernici. Formulazioni a basso VOC (composti organici volatili) e l&#8217;uso di materie prime rinnovabili sono solo alcune delle innovazioni che rispondono alla crescente domanda di prodotti <strong>ecologici<\/strong>. Queste vernici non solo minimizzano l&#8217;impatto ambientale, ma migliorano anche la qualit\u00e0 dell&#8217;aria interna, contribuendo a creare ambienti pi\u00f9 <strong>sani<\/strong>. Le certificazioni ambientali, come l&#8217;<strong>Ecolabel<\/strong> europeo, stanno diventando sempre pi\u00f9 importanti per i consumatori consapevoli dell&#8217;impatto ecologico dei loro acquisti.[\/vc_column_text][vc_empty_space height=&#8221;20px&#8221;][vc_column_text el_id=&#8221;6&#8243;]<\/p>\n<h3>Collaborazioni tra designer e industria delle vernici<\/h3>\n<p>Le collaborazioni tra designer e produttori di vernici sono vitali per il settore. Queste partnership non solo accelerano l&#8217;innovazione, ma creano anche opportunit\u00e0 per esplorare nuovi mercati. Un esempio eclatante \u00e8 l&#8217;uso di vernici speciali in progetti di arredamento di lusso, dove dettagli unici possono definire il <strong>carattere<\/strong> di un intero ambiente. Questi progetti spesso diventano <strong>case study<\/strong> di riferimento che ispirano l&#8217;intero settore.[\/vc_column_text][vc_empty_space height=&#8221;20px&#8221;][vc_column_text el_id=&#8221;7&#8243;]<\/p>\n<h3>Il ruolo delle vernici nel restauro e conservazione<\/h3>\n<p>Nel campo del restauro, le vernici moderne giocano un ruolo chiave nel bilanciare la conservazione con l&#8217;innovazione. Tecnologie moderne permettono di creare prodotti che possono essere applicati senza alterare l&#8217;aspetto originale delle superfici trattate, un aspetto fondamentale per il restauro di mobili e strutture di valore storico. Questo approccio non solo preserva la bellezza storica, ma garantisce anche <strong>protezione<\/strong> a lungo termine contro i danni ambientali.[\/vc_column_text][vc_empty_space height=&#8221;20px&#8221;][vc_column_text el_id=&#8221;8&#8243;]<\/p>\n<h3>Casi studio: progetti iconici e innovativi<\/h3>\n<p>Un&#8217;esplorazione di vari progetti di design mostra come le <strong>vernici per legno<\/strong> possono essere usate per creare effetti visivi sorprendenti e <strong>atmosfere uniche<\/strong>. Dal rinomato hotel che utilizza vernici ecologiche per enfatizzare il suo impegno verso la sostenibilit\u00e0, alla boutique caf\u00e9 che sperimenta con finiture <strong>metallizzate<\/strong> per attrarre una clientela giovane e alla moda, ogni caso illustra l&#8217;importanza delle vernici nel settore del design.[\/vc_column_text][vc_empty_space height=&#8221;20px&#8221;][vc_column_text el_id=&#8221;9&#8243;]<\/p>\n<h3>Futuro delle vernici nel design del legno<\/h3>\n<p>Guardando al futuro, \u00e8 chiaro che il settore delle vernici continuer\u00e0 a evolversi. L&#8217;accento sulla ricerca e sviluppo promette nuove formulazioni che saranno ancora pi\u00f9 performanti, sostenibili e adattabili. Le prossime tendenze potrebbero includere vernici ancora pi\u00f9 ecologiche e tecnologicamente avanzate, capaci di interagire con l&#8217;ambiente e gli utenti in modi sempre pi\u00f9 <strong>sofisticati<\/strong>.[\/vc_column_text][vc_empty_space height=&#8221;20px&#8221;][vc_column_text el_id=&#8221;10&#8243;]<\/p>\n<h3>Conclusioni<\/h3>\n<p>Le <strong>vernici per legno<\/strong> hanno trasformato il loro ruolo nel design contemporaneo, passando da semplici strumenti di finitura a componenti essenziali che influenzano ogni aspetto dello spazio abitativo. Con l&#8217;avanzamento continuo delle tecnologie e l&#8217;attenzione crescente alla <strong>sostenibilit\u00e0<\/strong>, il futuro delle vernici nel design del legno appare non solo promettente ma <strong>rivoluzionario<\/strong>.[\/vc_column_text][vc_empty_space height=&#8221;60px&#8221;][vc_column_text]<em>Diritti d&#8217;autore: Le immagini utilizzate in questo articolo, non sono di nostra propriet\u00e0.<\/em>[\/vc_column_text][\/vc_column_inner][vc_column_inner width=&#8221;1\/3&#8243;][vc_single_image image=&#8221;35696&#8243; img_size=&#8221;full&#8221;][\/vc_column_inner][\/vc_row_inner][\/vc_column][\/vc_row]<\/p>\n","protected":false},"excerpt":{"rendered":"<p>Scopri come le vernici per legno stanno rivoluzionando il design degli interni, con soluzioni innovative, sostenibili e accattivanti.<\/p>\n","protected":false},"author":1,"featured_media":35690,"comment_status":"open","ping_status":"open","sticky":false,"template":"","format":"standard","meta":{"_mi_skip_tracking":false,"_monsterinsights_sitenote_active":false,"_monsterinsights_sitenote_note":"","_monsterinsights_sitenote_category":0},"categories":[518],"tags":[],"yoast_head":"<!-- This site is optimized with the Yoast SEO Premium plugin v16.0.3 (Yoast SEO v17.6) - https:\/\/yoast.com\/wordpress\/plugins\/seo\/ -->\n<title>Vernici al Centro: Sviluppi, Sostenibilit\u00e0 e Design nel Mondo del Legno<\/title>\n<meta name=\"description\" content=\"Scopri come le vernici per legno stanno rivoluzionando il design degli interni, con soluzioni innovative, sostenibili e accattivanti.\" \/>\n<meta name=\"robots\" content=\"index, follow, max-snippet:-1, max-image-preview:large, max-video-preview:-1\" \/>\n<link rel=\"canonical\" href=\"https:\/\/www.astravernici.it\/it\/vernici-al-centro-sviluppi-sostenibilita-e-design-nel-mondo-del-legno\/\" \/>\n<meta property=\"og:locale\" content=\"it_IT\" \/>\n<meta property=\"og:type\" content=\"article\" \/>\n<meta property=\"og:title\" content=\"Vernici al Centro: Sviluppi, Sostenibilit\u00e0 e Design nel Mondo del Legno\" \/>\n<meta property=\"og:description\" content=\"Scopri come le vernici per legno stanno rivoluzionando il design degli interni, con soluzioni innovative, sostenibili e accattivanti.\" \/>\n<meta property=\"og:url\" content=\"https:\/\/www.astravernici.it\/it\/vernici-al-centro-sviluppi-sostenibilita-e-design-nel-mondo-del-legno\/\" \/>\n<meta property=\"og:site_name\" content=\"Astra Vernici\" \/>\n<meta property=\"article:published_time\" content=\"2024-05-06T15:29:24+00:00\" \/>\n<meta property=\"article:modified_time\" content=\"2024-05-06T16:36:19+00:00\" \/>\n<meta property=\"og:image\" content=\"https:\/\/www.astravernici.it\/wp-content\/uploads\/2024\/05\/foto-copertina-giornata-vernici-al-centro.jpg\" \/>\n\t<meta property=\"og:image:width\" content=\"1920\" \/>\n\t<meta property=\"og:image:height\" content=\"1280\" \/>\n<meta name=\"twitter:card\" content=\"summary_large_image\" \/>\n<meta name=\"twitter:title\" content=\"Vernici al Centro: Sviluppi, Sostenibilit\u00e0 e Design nel Mondo del Legno\" \/>\n<meta name=\"twitter:description\" content=\"Scopri come le vernici per legno stanno rivoluzionando il design degli interni, con soluzioni innovative, sostenibili e accattivanti.\" \/>\n<meta name=\"twitter:label1\" content=\"Scritto da\" \/>\n\t<meta name=\"twitter:data1\" content=\"admin\" \/>\n\t<meta name=\"twitter:label2\" content=\"Tempo di lettura stimato\" \/>\n\t<meta name=\"twitter:data2\" content=\"4 minuti\" \/>\n<script type=\"application\/ld+json\" class=\"yoast-schema-graph\">{\"@context\":\"https:\/\/schema.org\",\"@graph\":[{\"@type\":\"Organization\",\"@id\":\"https:\/\/www.astravernici.it\/it\/#organization\",\"name\":\"Astra Vernici\",\"url\":\"https:\/\/www.astravernici.it\/it\/\",\"sameAs\":[],\"logo\":{\"@type\":\"ImageObject\",\"@id\":\"https:\/\/www.astravernici.it\/it\/#logo\",\"inLanguage\":\"it-IT\",\"url\":\"https:\/\/www.astravernici.it\/wp-content\/uploads\/2025\/10\/Logo-_Astra_750x492.svg\",\"contentUrl\":\"https:\/\/www.astravernici.it\/wp-content\/uploads\/2025\/10\/Logo-_Astra_750x492.svg\",\"caption\":\"Astra Vernici\"},\"image\":{\"@id\":\"https:\/\/www.astravernici.it\/it\/#logo\"}},{\"@type\":\"WebSite\",\"@id\":\"https:\/\/www.astravernici.it\/it\/#website\",\"url\":\"https:\/\/www.astravernici.it\/it\/\",\"name\":\"Astra Vernici\",\"description\":\"Your Coating Partner\",\"publisher\":{\"@id\":\"https:\/\/www.astravernici.it\/it\/#organization\"},\"potentialAction\":[{\"@type\":\"SearchAction\",\"target\":{\"@type\":\"EntryPoint\",\"urlTemplate\":\"https:\/\/www.astravernici.it\/it\/?s={search_term_string}\"},\"query-input\":\"required name=search_term_string\"}],\"inLanguage\":\"it-IT\"},{\"@type\":\"ImageObject\",\"@id\":\"https:\/\/www.astravernici.it\/it\/vernici-al-centro-sviluppi-sostenibilita-e-design-nel-mondo-del-legno\/#primaryimage\",\"inLanguage\":\"it-IT\",\"url\":\"https:\/\/www.astravernici.it\/wp-content\/uploads\/2024\/05\/foto-copertina-giornata-vernici-al-centro.jpg\",\"contentUrl\":\"https:\/\/www.astravernici.it\/wp-content\/uploads\/2024\/05\/foto-copertina-giornata-vernici-al-centro.jpg\",\"width\":1920,\"height\":1280},{\"@type\":\"WebPage\",\"@id\":\"https:\/\/www.astravernici.it\/it\/vernici-al-centro-sviluppi-sostenibilita-e-design-nel-mondo-del-legno\/#webpage\",\"url\":\"https:\/\/www.astravernici.it\/it\/vernici-al-centro-sviluppi-sostenibilita-e-design-nel-mondo-del-legno\/\",\"name\":\"Vernici al Centro: Sviluppi, Sostenibilit\\u00e0 e Design nel Mondo del Legno\",\"isPartOf\":{\"@id\":\"https:\/\/www.astravernici.it\/it\/#website\"},\"primaryImageOfPage\":{\"@id\":\"https:\/\/www.astravernici.it\/it\/vernici-al-centro-sviluppi-sostenibilita-e-design-nel-mondo-del-legno\/#primaryimage\"},\"datePublished\":\"2024-05-06T15:29:24+00:00\",\"dateModified\":\"2024-05-06T16:36:19+00:00\",\"description\":\"Scopri come le vernici per legno stanno rivoluzionando il design degli interni, con soluzioni innovative, sostenibili e accattivanti.\",\"breadcrumb\":{\"@id\":\"https:\/\/www.astravernici.it\/it\/vernici-al-centro-sviluppi-sostenibilita-e-design-nel-mondo-del-legno\/#breadcrumb\"},\"inLanguage\":\"it-IT\",\"potentialAction\":[{\"@type\":\"ReadAction\",\"target\":[\"https:\/\/www.astravernici.it\/it\/vernici-al-centro-sviluppi-sostenibilita-e-design-nel-mondo-del-legno\/\"]}]},{\"@type\":\"BreadcrumbList\",\"@id\":\"https:\/\/www.astravernici.it\/it\/vernici-al-centro-sviluppi-sostenibilita-e-design-nel-mondo-del-legno\/#breadcrumb\",\"itemListElement\":[{\"@type\":\"ListItem\",\"position\":1,\"name\":\"Home\",\"item\":\"https:\/\/www.astravernici.it\/it\/\"},{\"@type\":\"ListItem\",\"position\":2,\"name\":\"Vernici al Centro: Sviluppi, Sostenibilit\\u00e0 e Design nel Mondo del Legno\"}]},{\"@type\":\"Article\",\"@id\":\"https:\/\/www.astravernici.it\/it\/vernici-al-centro-sviluppi-sostenibilita-e-design-nel-mondo-del-legno\/#article\",\"isPartOf\":{\"@id\":\"https:\/\/www.astravernici.it\/it\/vernici-al-centro-sviluppi-sostenibilita-e-design-nel-mondo-del-legno\/#webpage\"},\"author\":{\"@id\":\"https:\/\/www.astravernici.it\/it\/#\/schema\/person\/1befcb2d75c5d7461dfe8727e0cc2f25\"},\"headline\":\"Vernici al Centro: Sviluppi, Sostenibilit\\u00e0 e Design nel Mondo del Legno\",\"datePublished\":\"2024-05-06T15:29:24+00:00\",\"dateModified\":\"2024-05-06T16:36:19+00:00\",\"mainEntityOfPage\":{\"@id\":\"https:\/\/www.astravernici.it\/it\/vernici-al-centro-sviluppi-sostenibilita-e-design-nel-mondo-del-legno\/#webpage\"},\"wordCount\":1025,\"commentCount\":0,\"publisher\":{\"@id\":\"https:\/\/www.astravernici.it\/it\/#organization\"},\"image\":{\"@id\":\"https:\/\/www.astravernici.it\/it\/vernici-al-centro-sviluppi-sostenibilita-e-design-nel-mondo-del-legno\/#primaryimage\"},\"thumbnailUrl\":\"https:\/\/www.astravernici.it\/wp-content\/uploads\/2024\/05\/foto-copertina-giornata-vernici-al-centro.jpg\",\"articleSection\":[\"News e Approfondimenti\"],\"inLanguage\":\"it-IT\",\"potentialAction\":[{\"@type\":\"CommentAction\",\"name\":\"Comment\",\"target\":[\"https:\/\/www.astravernici.it\/it\/vernici-al-centro-sviluppi-sostenibilita-e-design-nel-mondo-del-legno\/#respond\"]}]},{\"@type\":\"Person\",\"@id\":\"https:\/\/www.astravernici.it\/it\/#\/schema\/person\/1befcb2d75c5d7461dfe8727e0cc2f25\",\"name\":\"admin\",\"image\":{\"@type\":\"ImageObject\",\"@id\":\"https:\/\/www.astravernici.it\/it\/#personlogo\",\"inLanguage\":\"it-IT\",\"url\":\"https:\/\/secure.gravatar.com\/avatar\/62cf4c4e335d983185d7d49781248579?s=96&d=mm&r=g\",\"contentUrl\":\"https:\/\/secure.gravatar.com\/avatar\/62cf4c4e335d983185d7d49781248579?s=96&d=mm&r=g\",\"caption\":\"admin\"}}]}<\/script>\n<!-- \/ Yoast SEO Premium plugin. -->","yoast_head_json":{"title":"Vernici al Centro: Sviluppi, Sostenibilit\u00e0 e Design nel Mondo del Legno","description":"Scopri come le vernici per legno stanno rivoluzionando il design degli interni, con soluzioni innovative, sostenibili e accattivanti.","robots":{"index":"index","follow":"follow","max-snippet":"max-snippet:-1","max-image-preview":"max-image-preview:large","max-video-preview":"max-video-preview:-1"},"canonical":"https:\/\/www.astravernici.it\/it\/vernici-al-centro-sviluppi-sostenibilita-e-design-nel-mondo-del-legno\/","og_locale":"it_IT","og_type":"article","og_title":"Vernici al Centro: Sviluppi, Sostenibilit\u00e0 e Design nel Mondo del Legno","og_description":"Scopri come le vernici per legno stanno rivoluzionando il design degli interni, con soluzioni innovative, sostenibili e accattivanti.","og_url":"https:\/\/www.astravernici.it\/it\/vernici-al-centro-sviluppi-sostenibilita-e-design-nel-mondo-del-legno\/","og_site_name":"Astra Vernici","article_published_time":"2024-05-06T15:29:24+00:00","article_modified_time":"2024-05-06T16:36:19+00:00","og_image":[{"width":1920,"height":1280,"url":"https:\/\/www.astravernici.it\/wp-content\/uploads\/2024\/05\/foto-copertina-giornata-vernici-al-centro.jpg","type":"image\/jpeg"}],"twitter_card":"summary_large_image","twitter_title":"Vernici al Centro: Sviluppi, Sostenibilit\u00e0 e Design nel Mondo del Legno","twitter_description":"Scopri come le vernici per legno stanno rivoluzionando il design degli interni, con soluzioni innovative, sostenibili e accattivanti.","twitter_misc":{"Scritto da":"admin","Tempo di lettura stimato":"4 minuti"},"schema":{"@context":"https:\/\/schema.org","@graph":[{"@type":"Organization","@id":"https:\/\/www.astravernici.it\/it\/#organization","name":"Astra Vernici","url":"https:\/\/www.astravernici.it\/it\/","sameAs":[],"logo":{"@type":"ImageObject","@id":"https:\/\/www.astravernici.it\/it\/#logo","inLanguage":"it-IT","url":"https:\/\/www.astravernici.it\/wp-content\/uploads\/2025\/10\/Logo-_Astra_750x492.svg","contentUrl":"https:\/\/www.astravernici.it\/wp-content\/uploads\/2025\/10\/Logo-_Astra_750x492.svg","caption":"Astra Vernici"},"image":{"@id":"https:\/\/www.astravernici.it\/it\/#logo"}},{"@type":"WebSite","@id":"https:\/\/www.astravernici.it\/it\/#website","url":"https:\/\/www.astravernici.it\/it\/","name":"Astra Vernici","description":"Your Coating Partner","publisher":{"@id":"https:\/\/www.astravernici.it\/it\/#organization"},"potentialAction":[{"@type":"SearchAction","target":{"@type":"EntryPoint","urlTemplate":"https:\/\/www.astravernici.it\/it\/?s={search_term_string}"},"query-input":"required name=search_term_string"}],"inLanguage":"it-IT"},{"@type":"ImageObject","@id":"https:\/\/www.astravernici.it\/it\/vernici-al-centro-sviluppi-sostenibilita-e-design-nel-mondo-del-legno\/#primaryimage","inLanguage":"it-IT","url":"https:\/\/www.astravernici.it\/wp-content\/uploads\/2024\/05\/foto-copertina-giornata-vernici-al-centro.jpg","contentUrl":"https:\/\/www.astravernici.it\/wp-content\/uploads\/2024\/05\/foto-copertina-giornata-vernici-al-centro.jpg","width":1920,"height":1280},{"@type":"WebPage","@id":"https:\/\/www.astravernici.it\/it\/vernici-al-centro-sviluppi-sostenibilita-e-design-nel-mondo-del-legno\/#webpage","url":"https:\/\/www.astravernici.it\/it\/vernici-al-centro-sviluppi-sostenibilita-e-design-nel-mondo-del-legno\/","name":"Vernici al Centro: Sviluppi, Sostenibilit\u00e0 e Design nel Mondo del Legno","isPartOf":{"@id":"https:\/\/www.astravernici.it\/it\/#website"},"primaryImageOfPage":{"@id":"https:\/\/www.astravernici.it\/it\/vernici-al-centro-sviluppi-sostenibilita-e-design-nel-mondo-del-legno\/#primaryimage"},"datePublished":"2024-05-06T15:29:24+00:00","dateModified":"2024-05-06T16:36:19+00:00","description":"Scopri come le vernici per legno stanno rivoluzionando il design degli interni, con soluzioni innovative, sostenibili e accattivanti.","breadcrumb":{"@id":"https:\/\/www.astravernici.it\/it\/vernici-al-centro-sviluppi-sostenibilita-e-design-nel-mondo-del-legno\/#breadcrumb"},"inLanguage":"it-IT","potentialAction":[{"@type":"ReadAction","target":["https:\/\/www.astravernici.it\/it\/vernici-al-centro-sviluppi-sostenibilita-e-design-nel-mondo-del-legno\/"]}]},{"@type":"BreadcrumbList","@id":"https:\/\/www.astravernici.it\/it\/vernici-al-centro-sviluppi-sostenibilita-e-design-nel-mondo-del-legno\/#breadcrumb","itemListElement":[{"@type":"ListItem","position":1,"name":"Home","item":"https:\/\/www.astravernici.it\/it\/"},{"@type":"ListItem","position":2,"name":"Vernici al Centro: Sviluppi, Sostenibilit\u00e0 e Design nel Mondo del Legno"}]},{"@type":"Article","@id":"https:\/\/www.astravernici.it\/it\/vernici-al-centro-sviluppi-sostenibilita-e-design-nel-mondo-del-legno\/#article","isPartOf":{"@id":"https:\/\/www.astravernici.it\/it\/vernici-al-centro-sviluppi-sostenibilita-e-design-nel-mondo-del-legno\/#webpage"},"author":{"@id":"https:\/\/www.astravernici.it\/it\/#\/schema\/person\/1befcb2d75c5d7461dfe8727e0cc2f25"},"headline":"Vernici al Centro: Sviluppi, Sostenibilit\u00e0 e Design nel Mondo del Legno","datePublished":"2024-05-06T15:29:24+00:00","dateModified":"2024-05-06T16:36:19+00:00","mainEntityOfPage":{"@id":"https:\/\/www.astravernici.it\/it\/vernici-al-centro-sviluppi-sostenibilita-e-design-nel-mondo-del-legno\/#webpage"},"wordCount":1025,"commentCount":0,"publisher":{"@id":"https:\/\/www.astravernici.it\/it\/#organization"},"image":{"@id":"https:\/\/www.astravernici.it\/it\/vernici-al-centro-sviluppi-sostenibilita-e-design-nel-mondo-del-legno\/#primaryimage"},"thumbnailUrl":"https:\/\/www.astravernici.it\/wp-content\/uploads\/2024\/05\/foto-copertina-giornata-vernici-al-centro.jpg","articleSection":["News e Approfondimenti"],"inLanguage":"it-IT","potentialAction":[{"@type":"CommentAction","name":"Comment","target":["https:\/\/www.astravernici.it\/it\/vernici-al-centro-sviluppi-sostenibilita-e-design-nel-mondo-del-legno\/#respond"]}]},{"@type":"Person","@id":"https:\/\/www.astravernici.it\/it\/#\/schema\/person\/1befcb2d75c5d7461dfe8727e0cc2f25","name":"admin","image":{"@type":"ImageObject","@id":"https:\/\/www.astravernici.it\/it\/#personlogo","inLanguage":"it-IT","url":"https:\/\/secure.gravatar.com\/avatar\/62cf4c4e335d983185d7d49781248579?s=96&d=mm&r=g","contentUrl":"https:\/\/secure.gravatar.com\/avatar\/62cf4c4e335d983185d7d49781248579?s=96&d=mm&r=g","caption":"admin"}}]}},"_links":{"self":[{"href":"https:\/\/www.astravernici.it\/it\/wp-json\/wp\/v2\/posts\/35687"}],"collection":[{"href":"https:\/\/www.astravernici.it\/it\/wp-json\/wp\/v2\/posts"}],"about":[{"href":"https:\/\/www.astravernici.it\/it\/wp-json\/wp\/v2\/types\/post"}],"author":[{"embeddable":true,"href":"https:\/\/www.astravernici.it\/it\/wp-json\/wp\/v2\/users\/1"}],"replies":[{"embeddable":true,"href":"https:\/\/www.astravernici.it\/it\/wp-json\/wp\/v2\/comments?post=35687"}],"version-history":[{"count":4,"href":"https:\/\/www.astravernici.it\/it\/wp-json\/wp\/v2\/posts\/35687\/revisions"}],"predecessor-version":[{"id":35707,"href":"https:\/\/www.astravernici.it\/it\/wp-json\/wp\/v2\/posts\/35687\/revisions\/35707"}],"wp:featuredmedia":[{"embeddable":true,"href":"https:\/\/www.astravernici.it\/it\/wp-json\/wp\/v2\/media\/35690"}],"wp:attachment":[{"href":"https:\/\/www.astravernici.it\/it\/wp-json\/wp\/v2\/media?parent=35687"}],"wp:term":[{"taxonomy":"category","embeddable":true,"href":"https:\/\/www.astravernici.it\/it\/wp-json\/wp\/v2\/categories?post=35687"},{"taxonomy":"post_tag","embeddable":true,"href":"https:\/\/www.astravernici.it\/it\/wp-json\/wp\/v2\/tags?post=35687"}],"curies":[{"name":"wp","href":"https:\/\/api.w.org\/{rel}","templated":true}]}}