{"id":35484,"date":"2023-11-21T10:56:33","date_gmt":"2023-11-21T09:56:33","guid":{"rendered":"https:\/\/www.astravernici.it\/?p=35484"},"modified":"2023-12-15T09:29:59","modified_gmt":"2023-12-15T08:29:59","slug":"giornata-nazionale-degli-alberi-2023","status":"publish","type":"post","link":"https:\/\/www.astravernici.it\/it\/giornata-nazionale-degli-alberi-2023\/","title":{"rendered":"Giornata nazionale degli alberi (2023)"},"content":{"rendered":"<p>[vc_row css=&#8221;.vc_custom_1676640948266{padding-top: 30px !important;}&#8221;][vc_column][vc_row_inner equal_height=&#8221;yes&#8221; content_placement=&#8221;middle&#8221;][vc_column_inner width=&#8221;2\/3&#8243;][vc_column_text]<\/p>\n<h2>Giornata nazionale degli alberi (2023)<\/h2>\n<p>[\/vc_column_text][vc_empty_space][vc_column_text]<\/p>\n<h6>Indice:<\/h6>\n<ul>\n<li><a href=\"#1\">Perch\u00e9 gli alberi sono fondamentali per il nostro pianeta<\/a><\/li>\n<li><a href=\"#2\">Impatto culturale e storico degli alberi<\/a><\/li>\n<li><a href=\"#3\">L&#8217;importanza della conservazione degli alberi<\/a><\/li>\n<li><a href=\"#4\">Gli alberi come risorsa naturale<\/a><\/li>\n<li><a href=\"#5\">Gli alberi come habitat per la fauna selvatica<\/a><\/li>\n<li><a href=\"#6\">Iniziative di riforestazione di successo<\/a><\/li>\n<li><a href=\"#7\">Come contribuire alla conservazione degli alberi<\/a><\/li>\n<li><a href=\"#8\">Gli alberi nel contesto culturale e artistico<\/a><\/li>\n<li><a href=\"#9\">Conclusioni<\/a><\/li>\n<\/ul>\n<p>[\/vc_column_text][vc_empty_space height=&#8221;25px&#8221;][vc_column_text el_id=&#8221;1&#8243;]<\/p>\n<h3>Perch\u00e9 gli alberi sono fondamentali per il nostro pianeta<\/h3>\n<p>Gli alberi sono fondamentali per il nostro pianeta perch\u00e9 sono veri campioni nell&#8217;assorbire anidride carbonica, il principale gas <strong>responsabile dell&#8217;effetto serra<\/strong>. Attraverso il processo di <strong>fotosintesi<\/strong>, gli alberi catturano la CO2 dall&#8217;atmosfera e la trasformano in ossigeno, rendendo l&#8217;aria che respiriamo pi\u00f9 pulita e salubre.<\/p>\n<p>Inoltre, gli alberi agiscono come serbatoi di carbonio, immagazzinando grandi quantit\u00e0 di CO2. La loro presenza \u00e8 <strong>cruciale<\/strong> per <strong>bilanciare l&#8217;accumulo di gas serra<\/strong> nell&#8217;atmosfera e contribuire alla lotta contro il cambiamento climatico.<\/p>\n<p>Oltre a mitigare il cambiamento climatico e <strong>fornire risorse naturali<\/strong>, gli alberi offrono una vasta gamma di altri benefici. Le aree verdi urbane con <strong>alberi migliorano la qualit\u00e0 dell&#8217;aria<\/strong> e riducono il calore urbano, rendendo le citt\u00e0 pi\u00f9 vivibili. Inoltre, gli alberi possono essere utilizzati per <strong>mitigare gli effetti delle alluvioni<\/strong>, poich\u00e9 le loro radici assorbono l&#8217;acqua in eccesso.[\/vc_column_text][vc_empty_space height=&#8221;20px&#8221;][vc_column_text el_id=&#8221;2&#8243;]<\/p>\n<h3>La giornata nazionale degli alberi<\/h3>\n<p>In Italia, il <strong>21 novembre<\/strong> \u00e8 una data speciale dedicata alla <strong>celebrazione della Giornata Nazionale degli Alberi<\/strong>. Questa giornata offre l&#8217;opportunit\u00e0 di onorare la ricca eredit\u00e0 arborea del paese e promuovere la consapevolezza dell&#8217;importanza degli alberi per l&#8217;ambiente italiano. La <strong>Giornata Nazionale degli Alberi<\/strong> in Italia ha una storia radicata nella consapevolezza ambientale e nella tradizione culturale del paese.<\/p>\n<p>Se guardiamo fuori dallo stivale, in America questa ricorrenza \u00e8 iniziata nel 1872, quando Morton propose l&#8217;idea di una &#8220;Festa dell&#8217;Albero&#8221; durante una riunione dell&#8217;Associazione Agricola del <strong>Nebraska<\/strong>, lo stato in cui viveva. L&#8217;obiettivo di questa festa era <strong>promuovere la piantumazione di alberi<\/strong> per migliorare il paesaggio, l&#8217;ambiente e la qualit\u00e0 della vita nelle aree rurali del Nebraska. La proposta di Morton fu ben accolta e la prima <strong>&#8220;Festa dell&#8217;Albero&#8221;<\/strong> si tenne il <strong>10 aprile 1872<\/strong>, con la piantumazione di oltre un milione di alberi da parte dei residenti del Nebraska. Questo evento segn\u00f2 l&#8217;inizio della tradizione della Giornata Nazionale degli Alberi negli Stati Uniti.[\/vc_column_text][vc_empty_space height=&#8221;20px&#8221;][vc_column_text el_id=&#8221;3&#8243;]<\/p>\n<h3>L&#8217;importanza della conservazione degli alberi<\/h3>\n<p>Nonostante il loro <strong>ruolo vitale<\/strong>, gli alberi in tutto il mondo sono minacciati dalla deforestazione. Ogni anno, <strong>milioni di ettari di foreste<\/strong> vengono <strong>abbattuti<\/strong> per fare spazio a infrastrutture, agricoltura e altre attivit\u00e0 umane. Questa <strong>perdita di alberi<\/strong> ha un <strong>impatto devastante sulla biodiversit\u00e0<\/strong>, mettendo in pericolo molte specie di piante e animali.<\/p>\n<p>La deforestazione ha anche <strong>conseguenze dirette sulla qualit\u00e0 dell&#8217;aria e dell&#8217;acqua<\/strong>, oltre a contribuire all&#8217;incremento delle emissioni di CO2. \u00c8 quindi di fondamentale importanza fermare la distruzione delle <strong>foreste<\/strong> e promuovere la <strong>riforestazione<\/strong>.[\/vc_column_text][vc_empty_space height=&#8221;20px&#8221;][vc_column_text el_id=&#8221;4&#8243;]<\/p>\n<h3>Gli alberi come risorsa naturale<\/h3>\n<p>Oltre al loro ruolo ecologico, <strong>gli alberi forniscono una vasta gamma di risorse naturali<\/strong> che sostengono la vita umana. Il legno \u00e8 un materiale da <strong>costruzione<\/strong> essenziale, utilizzato per case, mobili e molto altro. Molti <strong>alimenti<\/strong> provengono da alberi, come frutta, noci e spezie. Inoltre, molte <strong>piante medicinali<\/strong> sono ricavate da alberi, offrendo benefici per la salute.<\/p>\n<p>Tuttavia, \u00e8 cruciale adottare pratiche sostenibili nella gestione delle foreste per garantire che queste risorse siano disponibili anche per le generazioni future.[\/vc_column_text][vc_empty_space height=&#8221;20px&#8221;][vc_column_text el_id=&#8221;5&#8243;]<\/p>\n<h3>Gli alberi come habitat per la fauna selvatica<\/h3>\n<p>Le foreste sono ecosistemi complessi e ricchi di vita selvatica. Oltre a fornire <strong>habitat per molte specie<\/strong>, le foreste contribuiscono alla conservazione della biodiversit\u00e0. Diverse specie di alberi producono <strong>frutti e semi<\/strong> che sono fondamentali per la <strong>sopravvivenza<\/strong> di numerosi animali. La distruzione delle foreste mette in pericolo questa diversit\u00e0 di vita.[\/vc_column_text][vc_empty_space height=&#8221;20px&#8221;][vc_column_text el_id=&#8221;6&#8243;]<\/p>\n<h3>Iniziative di riforestazione di successo<\/h3>\n<p>Una delle iniziative di riforestazione \u00e8 stata il <strong>&#8220;Billion Tree Tsunami&#8221;<\/strong> in <strong>Pakistan<\/strong> che ha visto la <strong>piantumazione di miliardi di alberi<\/strong> per combattere l&#8217;erosione del suolo e affrontare il <strong>cambiamento climatico<\/strong>. Questi progetti dimostrano che \u00e8 possibile fare la differenza.[\/vc_column_text][vc_empty_space height=&#8221;20px&#8221;][vc_column_text el_id=&#8221;7&#8243;]<\/p>\n<h3>Come contribuire alla conservazione degli alberi<\/h3>\n<p>Ora che comprendiamo l&#8217;importanza degli alberi, la domanda \u00e8: <strong>cosa possiamo fare per proteggerli?<\/strong> Ecco alcuni suggerimenti pratici:<\/p>\n<ul>\n<li><strong>Piantare alberi:<\/strong> Partecipa a iniziative di piantumazione di alberi nella tua comunit\u00e0 o contribuisci a progetti di riforestazione come quello che portano avanti aziende come Treedom, che ogni anno piantano migliaia di alberi in giro per il mondo.<\/li>\n<li><strong>Sostenere organizzazioni ambientali:<\/strong> Molte organizzazioni senza scopo di lucro lavorano per la conservazione delle foreste e la protezione degli alberi. Contribuisci con donazioni o volontariato.<\/li>\n<li><strong>Ridurre l&#8217;uso di prodotti a base di legno non sostenibile:<\/strong> Scegli prodotti con certificazioni ambientali che garantiscono la provenienza sostenibile del legno.<\/li>\n<li><strong>Condividere la conoscenza:<\/strong> Parla con amici e familiari dell&#8217;importanza degli alberi e dell&#8217;urgente necessit\u00e0 di proteggerli.<\/li>\n<\/ul>\n<p>[\/vc_column_text][vc_empty_space height=&#8221;20px&#8221;][vc_column_text el_id=&#8221;8&#8243;]<\/p>\n<h3>Gli alberi nel contesto culturale e artistico<\/h3>\n<p>Gli alberi non sono solo una <strong>risorsa naturale<\/strong>; hanno anche un profondo significato <strong>culturale e artistico<\/strong>. Da secoli, gli alberi sono stati oggetto di <strong>miti, leggende e opere d&#8217;arte<\/strong>. La loro maestosit\u00e0 e bellezza hanno ispirato artisti di ogni genere, dalla pittura alla letteratura, dalla musica alla poesia. Gli alberi sono spesso <strong>simbolo di vita, crescita e forza<\/strong>.[\/vc_column_text][vc_empty_space height=&#8221;20px&#8221;][vc_column_text el_id=&#8221;9&#8243;]<\/p>\n<h3>Conclusioni<\/h3>\n<p>In conclusione, gli alberi sono in realt\u00e0 i <strong>pilastri del nostro pianeta<\/strong>. La loro importanza va ben oltre la loro presenza fisica, poich\u00e9 influenzano direttamente la qualit\u00e0 della nostra aria, la <strong>stabilit\u00e0 del clima<\/strong>, la <strong>biodiversit\u00e0<\/strong> e persino il nostro <strong>benessere<\/strong>. La loro protezione \u00e8 una priorit\u00e0 che richiede la cooperazione di tutti noi.<\/p>\n<p><strong>Ognuno di noi pu\u00f2 fare la differenza.<\/strong> Piantando un albero, sostenendo organizzazioni ambientali o condividendo la consapevolezza dell&#8217;importanza degli alberi, possiamo tutti <strong>contribuire a preservare questi guardiani silenziosi<\/strong> per le generazioni future. <strong>Ogni albero piantato \u00e8 un passo verso un futuro pi\u00f9 sostenibile<\/strong>.[\/vc_column_text][vc_empty_space height=&#8221;60px&#8221;][vc_column_text]<em>Diritti d&#8217;autore: Le immagini utilizzate in questo articolo, non sono di nostra propriet\u00e0.<\/em>[\/vc_column_text][\/vc_column_inner][vc_column_inner width=&#8221;1\/3&#8243;][vc_single_image image=&#8221;35488&#8243; img_size=&#8221;full&#8221;][\/vc_column_inner][\/vc_row_inner][\/vc_column][\/vc_row]<\/p>\n","protected":false},"excerpt":{"rendered":"<p>Scopriamo il ruolo cruciale degli alberi come guardiani silenziosi del pianeta, sottolineando l&#8217;importanza della conservazione e della riforestazione per un futuro sostenibile.<\/p>\n","protected":false},"author":1,"featured_media":35490,"comment_status":"open","ping_status":"open","sticky":false,"template":"","format":"standard","meta":{"_mi_skip_tracking":false,"_monsterinsights_sitenote_active":false,"_monsterinsights_sitenote_note":"","_monsterinsights_sitenote_category":0},"categories":[518],"tags":[],"yoast_head":"<!-- This site is optimized with the Yoast SEO Premium plugin v16.0.3 (Yoast SEO v17.6) - https:\/\/yoast.com\/wordpress\/plugins\/seo\/ -->\n<title>Giornata nazionale degli alberi (2023)<\/title>\n<meta name=\"description\" content=\"Celebriamo la natura il 21 novembre con la &quot;Giornata nazionale degli alberi&quot;. Scopri la loro importanza per un futuro pi\u00f9 sostenibile.\" \/>\n<meta name=\"robots\" content=\"index, follow, max-snippet:-1, max-image-preview:large, max-video-preview:-1\" \/>\n<link rel=\"canonical\" href=\"https:\/\/www.astravernici.it\/it\/giornata-nazionale-degli-alberi-2023\/\" \/>\n<meta property=\"og:locale\" content=\"it_IT\" \/>\n<meta property=\"og:type\" content=\"article\" \/>\n<meta property=\"og:title\" content=\"Giornata nazionale degli alberi (2023)\" \/>\n<meta property=\"og:description\" content=\"Celebriamo la natura il 21 novembre con la &quot;giornata nazionale degli alberi&quot;. Scopri la loro importanza per un futuro pi\u00f9 sostenibile.\" \/>\n<meta property=\"og:url\" content=\"https:\/\/www.astravernici.it\/it\/giornata-nazionale-degli-alberi-2023\/\" \/>\n<meta property=\"og:site_name\" content=\"Astra Vernici\" \/>\n<meta property=\"article:published_time\" content=\"2023-11-21T09:56:33+00:00\" \/>\n<meta property=\"article:modified_time\" content=\"2023-12-15T08:29:59+00:00\" \/>\n<meta property=\"og:image\" content=\"https:\/\/www.astravernici.it\/wp-content\/uploads\/2023\/11\/foto-copertina-giornata-nazionale-degli-alberi.jpg\" \/>\n\t<meta property=\"og:image:width\" content=\"1920\" \/>\n\t<meta property=\"og:image:height\" content=\"1280\" \/>\n<meta name=\"twitter:card\" content=\"summary_large_image\" \/>\n<meta name=\"twitter:title\" content=\"Giornata nazionale degli alberi (2023)\" \/>\n<meta name=\"twitter:description\" content=\"Celebriamo la natura il 21 novembre con la &quot;giornata nazionale degli alberi&quot;. Scopri la loro importanza per un futuro pi\u00f9 sostenibile.\" \/>\n<meta name=\"twitter:label1\" content=\"Scritto da\" \/>\n\t<meta name=\"twitter:data1\" content=\"admin\" \/>\n\t<meta name=\"twitter:label2\" content=\"Tempo di lettura stimato\" \/>\n\t<meta name=\"twitter:data2\" content=\"5 minuti\" \/>\n<script type=\"application\/ld+json\" class=\"yoast-schema-graph\">{\"@context\":\"https:\/\/schema.org\",\"@graph\":[{\"@type\":\"Organization\",\"@id\":\"https:\/\/www.astravernici.it\/it\/#organization\",\"name\":\"Astra Vernici\",\"url\":\"https:\/\/www.astravernici.it\/it\/\",\"sameAs\":[],\"logo\":{\"@type\":\"ImageObject\",\"@id\":\"https:\/\/www.astravernici.it\/it\/#logo\",\"inLanguage\":\"it-IT\",\"url\":\"https:\/\/www.astravernici.it\/wp-content\/uploads\/2025\/10\/Logo-_Astra_750x492.svg\",\"contentUrl\":\"https:\/\/www.astravernici.it\/wp-content\/uploads\/2025\/10\/Logo-_Astra_750x492.svg\",\"caption\":\"Astra Vernici\"},\"image\":{\"@id\":\"https:\/\/www.astravernici.it\/it\/#logo\"}},{\"@type\":\"WebSite\",\"@id\":\"https:\/\/www.astravernici.it\/it\/#website\",\"url\":\"https:\/\/www.astravernici.it\/it\/\",\"name\":\"Astra Vernici\",\"description\":\"Your Coating Partner\",\"publisher\":{\"@id\":\"https:\/\/www.astravernici.it\/it\/#organization\"},\"potentialAction\":[{\"@type\":\"SearchAction\",\"target\":{\"@type\":\"EntryPoint\",\"urlTemplate\":\"https:\/\/www.astravernici.it\/it\/?s={search_term_string}\"},\"query-input\":\"required name=search_term_string\"}],\"inLanguage\":\"it-IT\"},{\"@type\":\"ImageObject\",\"@id\":\"https:\/\/www.astravernici.it\/it\/giornata-nazionale-degli-alberi-2023\/#primaryimage\",\"inLanguage\":\"it-IT\",\"url\":\"https:\/\/www.astravernici.it\/wp-content\/uploads\/2023\/11\/foto-copertina-giornata-nazionale-degli-alberi.jpg\",\"contentUrl\":\"https:\/\/www.astravernici.it\/wp-content\/uploads\/2023\/11\/foto-copertina-giornata-nazionale-degli-alberi.jpg\",\"width\":1920,\"height\":1280},{\"@type\":\"WebPage\",\"@id\":\"https:\/\/www.astravernici.it\/it\/giornata-nazionale-degli-alberi-2023\/#webpage\",\"url\":\"https:\/\/www.astravernici.it\/it\/giornata-nazionale-degli-alberi-2023\/\",\"name\":\"Giornata nazionale degli alberi (2023)\",\"isPartOf\":{\"@id\":\"https:\/\/www.astravernici.it\/it\/#website\"},\"primaryImageOfPage\":{\"@id\":\"https:\/\/www.astravernici.it\/it\/giornata-nazionale-degli-alberi-2023\/#primaryimage\"},\"datePublished\":\"2023-11-21T09:56:33+00:00\",\"dateModified\":\"2023-12-15T08:29:59+00:00\",\"description\":\"Celebriamo la natura il 21 novembre con la \\\"Giornata nazionale degli alberi\\\". Scopri la loro importanza per un futuro pi\\u00f9 sostenibile.\",\"breadcrumb\":{\"@id\":\"https:\/\/www.astravernici.it\/it\/giornata-nazionale-degli-alberi-2023\/#breadcrumb\"},\"inLanguage\":\"it-IT\",\"potentialAction\":[{\"@type\":\"ReadAction\",\"target\":[\"https:\/\/www.astravernici.it\/it\/giornata-nazionale-degli-alberi-2023\/\"]}]},{\"@type\":\"BreadcrumbList\",\"@id\":\"https:\/\/www.astravernici.it\/it\/giornata-nazionale-degli-alberi-2023\/#breadcrumb\",\"itemListElement\":[{\"@type\":\"ListItem\",\"position\":1,\"name\":\"Home\",\"item\":\"https:\/\/www.astravernici.it\/it\/\"},{\"@type\":\"ListItem\",\"position\":2,\"name\":\"Giornata nazionale degli alberi (2023)\"}]},{\"@type\":\"Article\",\"@id\":\"https:\/\/www.astravernici.it\/it\/giornata-nazionale-degli-alberi-2023\/#article\",\"isPartOf\":{\"@id\":\"https:\/\/www.astravernici.it\/it\/giornata-nazionale-degli-alberi-2023\/#webpage\"},\"author\":{\"@id\":\"https:\/\/www.astravernici.it\/it\/#\/schema\/person\/1befcb2d75c5d7461dfe8727e0cc2f25\"},\"headline\":\"Giornata nazionale degli alberi (2023)\",\"datePublished\":\"2023-11-21T09:56:33+00:00\",\"dateModified\":\"2023-12-15T08:29:59+00:00\",\"mainEntityOfPage\":{\"@id\":\"https:\/\/www.astravernici.it\/it\/giornata-nazionale-degli-alberi-2023\/#webpage\"},\"wordCount\":1133,\"commentCount\":0,\"publisher\":{\"@id\":\"https:\/\/www.astravernici.it\/it\/#organization\"},\"image\":{\"@id\":\"https:\/\/www.astravernici.it\/it\/giornata-nazionale-degli-alberi-2023\/#primaryimage\"},\"thumbnailUrl\":\"https:\/\/www.astravernici.it\/wp-content\/uploads\/2023\/11\/foto-copertina-giornata-nazionale-degli-alberi.jpg\",\"articleSection\":[\"News e Approfondimenti\"],\"inLanguage\":\"it-IT\",\"potentialAction\":[{\"@type\":\"CommentAction\",\"name\":\"Comment\",\"target\":[\"https:\/\/www.astravernici.it\/it\/giornata-nazionale-degli-alberi-2023\/#respond\"]}]},{\"@type\":\"Person\",\"@id\":\"https:\/\/www.astravernici.it\/it\/#\/schema\/person\/1befcb2d75c5d7461dfe8727e0cc2f25\",\"name\":\"admin\",\"image\":{\"@type\":\"ImageObject\",\"@id\":\"https:\/\/www.astravernici.it\/it\/#personlogo\",\"inLanguage\":\"it-IT\",\"url\":\"https:\/\/secure.gravatar.com\/avatar\/62cf4c4e335d983185d7d49781248579?s=96&d=mm&r=g\",\"contentUrl\":\"https:\/\/secure.gravatar.com\/avatar\/62cf4c4e335d983185d7d49781248579?s=96&d=mm&r=g\",\"caption\":\"admin\"}}]}<\/script>\n<!-- \/ Yoast SEO Premium plugin. -->","yoast_head_json":{"title":"Giornata nazionale degli alberi (2023)","description":"Celebriamo la natura il 21 novembre con la \"Giornata nazionale degli alberi\". Scopri la loro importanza per un futuro pi\u00f9 sostenibile.","robots":{"index":"index","follow":"follow","max-snippet":"max-snippet:-1","max-image-preview":"max-image-preview:large","max-video-preview":"max-video-preview:-1"},"canonical":"https:\/\/www.astravernici.it\/it\/giornata-nazionale-degli-alberi-2023\/","og_locale":"it_IT","og_type":"article","og_title":"Giornata nazionale degli alberi (2023)","og_description":"Celebriamo la natura il 21 novembre con la \"giornata nazionale degli alberi\". Scopri la loro importanza per un futuro pi\u00f9 sostenibile.","og_url":"https:\/\/www.astravernici.it\/it\/giornata-nazionale-degli-alberi-2023\/","og_site_name":"Astra Vernici","article_published_time":"2023-11-21T09:56:33+00:00","article_modified_time":"2023-12-15T08:29:59+00:00","og_image":[{"width":1920,"height":1280,"url":"https:\/\/www.astravernici.it\/wp-content\/uploads\/2023\/11\/foto-copertina-giornata-nazionale-degli-alberi.jpg","type":"image\/jpeg"}],"twitter_card":"summary_large_image","twitter_title":"Giornata nazionale degli alberi (2023)","twitter_description":"Celebriamo la natura il 21 novembre con la \"giornata nazionale degli alberi\". Scopri la loro importanza per un futuro pi\u00f9 sostenibile.","twitter_misc":{"Scritto da":"admin","Tempo di lettura stimato":"5 minuti"},"schema":{"@context":"https:\/\/schema.org","@graph":[{"@type":"Organization","@id":"https:\/\/www.astravernici.it\/it\/#organization","name":"Astra Vernici","url":"https:\/\/www.astravernici.it\/it\/","sameAs":[],"logo":{"@type":"ImageObject","@id":"https:\/\/www.astravernici.it\/it\/#logo","inLanguage":"it-IT","url":"https:\/\/www.astravernici.it\/wp-content\/uploads\/2025\/10\/Logo-_Astra_750x492.svg","contentUrl":"https:\/\/www.astravernici.it\/wp-content\/uploads\/2025\/10\/Logo-_Astra_750x492.svg","caption":"Astra Vernici"},"image":{"@id":"https:\/\/www.astravernici.it\/it\/#logo"}},{"@type":"WebSite","@id":"https:\/\/www.astravernici.it\/it\/#website","url":"https:\/\/www.astravernici.it\/it\/","name":"Astra Vernici","description":"Your Coating Partner","publisher":{"@id":"https:\/\/www.astravernici.it\/it\/#organization"},"potentialAction":[{"@type":"SearchAction","target":{"@type":"EntryPoint","urlTemplate":"https:\/\/www.astravernici.it\/it\/?s={search_term_string}"},"query-input":"required name=search_term_string"}],"inLanguage":"it-IT"},{"@type":"ImageObject","@id":"https:\/\/www.astravernici.it\/it\/giornata-nazionale-degli-alberi-2023\/#primaryimage","inLanguage":"it-IT","url":"https:\/\/www.astravernici.it\/wp-content\/uploads\/2023\/11\/foto-copertina-giornata-nazionale-degli-alberi.jpg","contentUrl":"https:\/\/www.astravernici.it\/wp-content\/uploads\/2023\/11\/foto-copertina-giornata-nazionale-degli-alberi.jpg","width":1920,"height":1280},{"@type":"WebPage","@id":"https:\/\/www.astravernici.it\/it\/giornata-nazionale-degli-alberi-2023\/#webpage","url":"https:\/\/www.astravernici.it\/it\/giornata-nazionale-degli-alberi-2023\/","name":"Giornata nazionale degli alberi (2023)","isPartOf":{"@id":"https:\/\/www.astravernici.it\/it\/#website"},"primaryImageOfPage":{"@id":"https:\/\/www.astravernici.it\/it\/giornata-nazionale-degli-alberi-2023\/#primaryimage"},"datePublished":"2023-11-21T09:56:33+00:00","dateModified":"2023-12-15T08:29:59+00:00","description":"Celebriamo la natura il 21 novembre con la \"Giornata nazionale degli alberi\". Scopri la loro importanza per un futuro pi\u00f9 sostenibile.","breadcrumb":{"@id":"https:\/\/www.astravernici.it\/it\/giornata-nazionale-degli-alberi-2023\/#breadcrumb"},"inLanguage":"it-IT","potentialAction":[{"@type":"ReadAction","target":["https:\/\/www.astravernici.it\/it\/giornata-nazionale-degli-alberi-2023\/"]}]},{"@type":"BreadcrumbList","@id":"https:\/\/www.astravernici.it\/it\/giornata-nazionale-degli-alberi-2023\/#breadcrumb","itemListElement":[{"@type":"ListItem","position":1,"name":"Home","item":"https:\/\/www.astravernici.it\/it\/"},{"@type":"ListItem","position":2,"name":"Giornata nazionale degli alberi (2023)"}]},{"@type":"Article","@id":"https:\/\/www.astravernici.it\/it\/giornata-nazionale-degli-alberi-2023\/#article","isPartOf":{"@id":"https:\/\/www.astravernici.it\/it\/giornata-nazionale-degli-alberi-2023\/#webpage"},"author":{"@id":"https:\/\/www.astravernici.it\/it\/#\/schema\/person\/1befcb2d75c5d7461dfe8727e0cc2f25"},"headline":"Giornata nazionale degli alberi (2023)","datePublished":"2023-11-21T09:56:33+00:00","dateModified":"2023-12-15T08:29:59+00:00","mainEntityOfPage":{"@id":"https:\/\/www.astravernici.it\/it\/giornata-nazionale-degli-alberi-2023\/#webpage"},"wordCount":1133,"commentCount":0,"publisher":{"@id":"https:\/\/www.astravernici.it\/it\/#organization"},"image":{"@id":"https:\/\/www.astravernici.it\/it\/giornata-nazionale-degli-alberi-2023\/#primaryimage"},"thumbnailUrl":"https:\/\/www.astravernici.it\/wp-content\/uploads\/2023\/11\/foto-copertina-giornata-nazionale-degli-alberi.jpg","articleSection":["News e Approfondimenti"],"inLanguage":"it-IT","potentialAction":[{"@type":"CommentAction","name":"Comment","target":["https:\/\/www.astravernici.it\/it\/giornata-nazionale-degli-alberi-2023\/#respond"]}]},{"@type":"Person","@id":"https:\/\/www.astravernici.it\/it\/#\/schema\/person\/1befcb2d75c5d7461dfe8727e0cc2f25","name":"admin","image":{"@type":"ImageObject","@id":"https:\/\/www.astravernici.it\/it\/#personlogo","inLanguage":"it-IT","url":"https:\/\/secure.gravatar.com\/avatar\/62cf4c4e335d983185d7d49781248579?s=96&d=mm&r=g","contentUrl":"https:\/\/secure.gravatar.com\/avatar\/62cf4c4e335d983185d7d49781248579?s=96&d=mm&r=g","caption":"admin"}}]}},"_links":{"self":[{"href":"https:\/\/www.astravernici.it\/it\/wp-json\/wp\/v2\/posts\/35484"}],"collection":[{"href":"https:\/\/www.astravernici.it\/it\/wp-json\/wp\/v2\/posts"}],"about":[{"href":"https:\/\/www.astravernici.it\/it\/wp-json\/wp\/v2\/types\/post"}],"author":[{"embeddable":true,"href":"https:\/\/www.astravernici.it\/it\/wp-json\/wp\/v2\/users\/1"}],"replies":[{"embeddable":true,"href":"https:\/\/www.astravernici.it\/it\/wp-json\/wp\/v2\/comments?post=35484"}],"version-history":[{"count":18,"href":"https:\/\/www.astravernici.it\/it\/wp-json\/wp\/v2\/posts\/35484\/revisions"}],"predecessor-version":[{"id":35567,"href":"https:\/\/www.astravernici.it\/it\/wp-json\/wp\/v2\/posts\/35484\/revisions\/35567"}],"wp:featuredmedia":[{"embeddable":true,"href":"https:\/\/www.astravernici.it\/it\/wp-json\/wp\/v2\/media\/35490"}],"wp:attachment":[{"href":"https:\/\/www.astravernici.it\/it\/wp-json\/wp\/v2\/media?parent=35484"}],"wp:term":[{"taxonomy":"category","embeddable":true,"href":"https:\/\/www.astravernici.it\/it\/wp-json\/wp\/v2\/categories?post=35484"},{"taxonomy":"post_tag","embeddable":true,"href":"https:\/\/www.astravernici.it\/it\/wp-json\/wp\/v2\/tags?post=35484"}],"curies":[{"name":"wp","href":"https:\/\/api.w.org\/{rel}","templated":true}]}}