{"id":35353,"date":"2023-07-11T10:10:36","date_gmt":"2023-07-11T08:10:36","guid":{"rendered":"https:\/\/www.astravernici.it\/?p=35353"},"modified":"2023-07-19T14:28:46","modified_gmt":"2023-07-19T12:28:46","slug":"stoccolma-sara-la-piu-grande-citta-in-legno-mai-realizzata","status":"publish","type":"post","link":"https:\/\/www.astravernici.it\/it\/stoccolma-sara-la-piu-grande-citta-in-legno-mai-realizzata\/","title":{"rendered":"Stoccolma sar\u00e0 la pi\u00f9 grande citt\u00e0 in legno mai realizzata"},"content":{"rendered":"<p>[vc_row css=&#8221;.vc_custom_1676640948266{padding-top: 30px !important;}&#8221;][vc_column][vc_row_inner equal_height=&#8221;yes&#8221; content_placement=&#8221;middle&#8221;][vc_column_inner width=&#8221;2\/3&#8243;][vc_column_text]<\/p>\n<h3 style=\"font-size: 1.5em;\">Stoccolma sar\u00e0 la pi\u00f9 grande citt\u00e0 in legno mai realizzata<\/h3>\n<p>[\/vc_column_text][vc_empty_space][vc_column_text]<\/p>\n<h6>Indice:<\/h6>\n<ul>\n<li><a href=\"#La citt\u00e0 di Stoccolma\">La citt\u00e0 di Stoccolma<\/a><\/li>\n<li><a href=\"#Il progetto &quot;Stockholm Wood City&quot;\">Il progetto &#8220;Stockholm Wood City&#8221;<\/a><\/li>\n<li><a href=\"#Il legno al centro del progetto\">Il legno al centro del progetto<\/a><\/li>\n<\/ul>\n<p>[\/vc_column_text][vc_empty_space height=&#8221;25px&#8221;][vc_column_text el_id=&#8221;La citt\u00e0 di Stoccolma&#8221;]<\/p>\n<h6>La citt\u00e0 di Stoccolma<\/h6>\n<p>Stoccolma, la capitale della Svezia, \u00e8 una delle citt\u00e0 pi\u00f9 affascinanti e pittoresche del Nord Europa. Situata su un arcipelago di isole connesse da ponti e traghetti, la sua posizione unica offre paesaggi mozzafiato e un&#8217;atmosfera che <strong>mescola il fascino storico con la modernit\u00e0<\/strong>. Con la sua architettura elegante, i suoi musei di fama mondiale e la sua natura incontaminata, Stoccolma \u00e8 una meta ambita sia per i visitatori che per gli abitanti locali. La citt\u00e0 offre una vasta gamma di attrazioni, tra cui il Palazzo Reale, il suggestivo Gamla Stan (il centro storico), e i vivaci quartieri di S\u00f6dermalm e \u00d6stermalm, dove si possono trovare ristoranti, negozi alla moda e una vivace vita notturna.<\/p>\n<p>Stoccolma \u00e8 anche famosa per il suo impegno verso la sostenibilit\u00e0, con una rete di trasporti pubblici efficiente e una cultura che promuove la mobilit\u00e0 sostenibile. Inoltre, la citt\u00e0 ospita <strong>importanti eventi culturali<\/strong>, come il <strong>Premio Nobel<\/strong> e il festival della musica svedese, che ne fanno un importante centro culturale. In poche parole, Stoccolma \u00e8 una citt\u00e0 che incanta i visitatori con la sua bellezza, la sua storia e la sua vivace atmosfera, offrendo un&#8217;esperienza unica nel cuore della Scandinavia.[\/vc_column_text][vc_empty_space height=&#8221;10px&#8221;][vc_column_text el_id=&#8221;Il progetto &#8220;Stockholm Wood City&#8220;&#8221;]<\/p>\n<h6>Il progetto &#8220;Stockholm Wood City&#8221;<\/h6>\n<p>\u201c<strong>Stockholm Wood City<\/strong> rappresenta il nostro futuro. Dalle persone arriva una richiesta sempre pi\u00f9 forte di <strong>soluzioni innovative e sostenibili<\/strong> per la casa e l\u2019edilizia in generale, richiesta che vogliamo soddisfare con questa iniziativa. \u00c8 una pietra miliare storica per la Svezia&#8221;. Queste sono state le dichiarazioni dell&#8217;amministratrice delegata di Atrium Ljungberg, lo studio responsabile della realizzazione del nuovo progetto che mira a far diventare il quartiere di Sickla, nella zona meridionale della capitale svedese, il pi\u00f9 grande insediamento in legno al mondo.<\/p>\n<p>Stockholm Wood City, rappresenta <strong>un simbolo dell&#8217;innovazione<\/strong> e dell&#8217;expertise svedese nel campo dell&#8217;edilizia sostenibile. I lavori inizieranno nel 2025 e i primi edifici saranno completati entro il 2027.<\/p>\n<p>Il progetto si estender\u00e0 su un&#8217;area di circa 250.000 metri quadrati e avr\u00e0 al suo interno 2000 abitazioni e 7000 uffici, tutti realizzati con moderne strutture in legno. L&#8217;intero complesso sar\u00e0 arricchito da parchi, negozi, ristoranti e molto altro, creando uno spazio urbano socialmente completo e vivace.<\/p>\n<p>Queste costruzioni contribuiranno a <strong>migliorare la qualit\u00e0 dell&#8217;aria<\/strong> trattenendo anidride carbonica, ridurre lo stress e aumentare la produttivit\u00e0 della citt\u00e0. Fondamentale \u00e8 Il passaggio dal cemento al legno che \u00e8 un tema centrale nel dibattito sull&#8217;edilizia sostenibile e innovativa. Secondo i sostenitori, queste strutture offrono numerosi vantaggi, sia per l&#8217;ambiente che per la salute e il benessere delle persone.<\/p>\n<p>Il progetto inoltre si concentrer\u00e0 sull&#8217;<strong>energia autoprodotta<\/strong>, con dei pannelli solari, immagazzinata e condivisa in una nazione in cui l&#8217;approvvigionamento energetico e l&#8217;efficienza sono in cima alle priorit\u00e0 nazionali. Questo render\u00e0 meno necessario l&#8217;uso di condizionatori o altre apparecchiature per il riscaldamento o il raffreddamento degli edifici.<\/p>\n<p>Stockholm Wood City \u00e8 un&#8217;ambiziosa iniziativa che dimostra come la Svezia stia guidando la strada verso un futuro pi\u00f9 sostenibile e rispettoso dell&#8217;ambiente nell&#8217;ambito dell&#8217;edilizia. Questo progetto all&#8217;avanguardia potrebbe ispirare altre citt\u00e0 a seguire l&#8217;esempio e ad adottare soluzioni costruttive sostenibili, aprendo la strada a un futuro pi\u00f9 verde e pi\u00f9 ecologicamente consapevole.[\/vc_column_text][vc_empty_space height=&#8221;10px&#8221;][vc_column_text el_id=&#8221;Il legno al centro del progetto&#8221;]<\/p>\n<h6>Il legno al centro del progetto<\/h6>\n<p>Il legno, con la sua <strong>duttilit\u00e0 e resistenza straordinarie<\/strong>, offre una fonte di ispirazione senza pari per la costruzione degli edifici del futuro. Non \u00e8 un caso che questo progetto ambizioso che sta per prendere vita nel quartiere di Sickla, sia destinato a diventare il pi\u00f9 grande insediamento in legno al mondo.<\/p>\n<p>Il legno, materiale naturale e rinnovabile, rappresenta una soluzione sostenibile che ci permette di <strong>armonizzare l&#8217;architettura con l&#8217;ambiente circostante<\/strong>. La sua bellezza intrinseca e la sua versatilit\u00e0 consentono di creare spazi moderni e accoglienti, in grado di coniugare funzionalit\u00e0 ed estetica in modo armonioso. Inoltre, la resistenza del legno alle sollecitazioni statiche e dinamiche ne fa una scelta ideale per garantire la sicurezza delle strutture.<\/p>\n<p>Costruire con il legno non solo ci permette di ridurre l&#8217;impatto ambientale, ma ci offre anche l&#8217;opportunit\u00e0 di immergerci in un&#8217;esperienza costruttiva che rispetta la natura e celebra la sua maestosit\u00e0. Il legno ci invita ad abbracciare <strong>la bellezza della sostenibilit\u00e0<\/strong>, aprendo nuovi orizzonti per l&#8217;edilizia del futuro.[\/vc_column_text][vc_empty_space height=&#8221;20px&#8221;][vc_separator][vc_column_text]<em>Image rights: Courtesy Atrium Ljungberg<br \/>\n<\/em>[\/vc_column_text][\/vc_column_inner][vc_column_inner width=&#8221;1\/3&#8243;][vc_single_image image=&#8221;35361&#8243; img_size=&#8221;full&#8221;][\/vc_column_inner][\/vc_row_inner][\/vc_column][\/vc_row][vc_row][vc_column][\/vc_column][\/vc_row]<\/p>\n","protected":false},"excerpt":{"rendered":"<p>Stoccolma sar\u00e0 davvero citt\u00e0 la pi\u00f9 grande in legno mai realizzata? Scoprilo con noi!<\/p>\n","protected":false},"author":1,"featured_media":35359,"comment_status":"open","ping_status":"open","sticky":false,"template":"","format":"standard","meta":{"_mi_skip_tracking":false,"_monsterinsights_sitenote_active":false,"_monsterinsights_sitenote_note":"","_monsterinsights_sitenote_category":0},"categories":[518],"tags":[],"yoast_head":"<!-- This site is optimized with the Yoast SEO Premium plugin v16.0.3 (Yoast SEO v17.6) - https:\/\/yoast.com\/wordpress\/plugins\/seo\/ -->\n<title>Stoccolma sar\u00e0 la pi\u00f9 grande citt\u00e0 in legno mai realizzata<\/title>\n<meta name=\"description\" content=\"Nasce il progetto &quot;Stockholm Wood City&quot; che trasformer\u00e0 il quartiere di Sickla, nel pi\u00f9 grande insediamento in legno al mondo.\" \/>\n<meta name=\"robots\" content=\"index, follow, max-snippet:-1, max-image-preview:large, max-video-preview:-1\" \/>\n<link rel=\"canonical\" href=\"https:\/\/www.astravernici.it\/it\/stoccolma-sara-la-piu-grande-citta-in-legno-mai-realizzata\/\" \/>\n<meta property=\"og:locale\" content=\"it_IT\" \/>\n<meta property=\"og:type\" content=\"article\" \/>\n<meta property=\"og:title\" content=\"Stoccolma sar\u00e0 la pi\u00f9 grande citt\u00e0 in legno mai realizzata\" \/>\n<meta property=\"og:description\" content=\"Nasce il progetto &quot;Stockholm Wood City&quot; che trasformer\u00e0 il quartiere di Sickla, nel pi\u00f9 grande insediamento in legno al mondo.\" \/>\n<meta property=\"og:url\" content=\"https:\/\/www.astravernici.it\/it\/stoccolma-sara-la-piu-grande-citta-in-legno-mai-realizzata\/\" \/>\n<meta property=\"og:site_name\" content=\"Astra Vernici\" \/>\n<meta property=\"article:published_time\" content=\"2023-07-11T08:10:36+00:00\" \/>\n<meta property=\"article:modified_time\" content=\"2023-07-19T12:28:46+00:00\" \/>\n<meta property=\"og:image\" content=\"https:\/\/www.astravernici.it\/wp-content\/uploads\/2023\/07\/copertina-news.jpg\" \/>\n\t<meta property=\"og:image:width\" content=\"1122\" \/>\n\t<meta property=\"og:image:height\" content=\"827\" \/>\n<meta name=\"twitter:card\" content=\"summary_large_image\" \/>\n<meta name=\"twitter:label1\" content=\"Scritto da\" \/>\n\t<meta name=\"twitter:data1\" content=\"admin\" \/>\n\t<meta name=\"twitter:label2\" content=\"Tempo di lettura stimato\" \/>\n\t<meta name=\"twitter:data2\" content=\"4 minuti\" \/>\n<script type=\"application\/ld+json\" class=\"yoast-schema-graph\">{\"@context\":\"https:\/\/schema.org\",\"@graph\":[{\"@type\":\"Organization\",\"@id\":\"https:\/\/www.astravernici.it\/it\/#organization\",\"name\":\"Astra Vernici\",\"url\":\"https:\/\/www.astravernici.it\/it\/\",\"sameAs\":[],\"logo\":{\"@type\":\"ImageObject\",\"@id\":\"https:\/\/www.astravernici.it\/it\/#logo\",\"inLanguage\":\"it-IT\",\"url\":\"https:\/\/www.astravernici.it\/wp-content\/uploads\/2025\/10\/Logo-_Astra_750x492.svg\",\"contentUrl\":\"https:\/\/www.astravernici.it\/wp-content\/uploads\/2025\/10\/Logo-_Astra_750x492.svg\",\"caption\":\"Astra Vernici\"},\"image\":{\"@id\":\"https:\/\/www.astravernici.it\/it\/#logo\"}},{\"@type\":\"WebSite\",\"@id\":\"https:\/\/www.astravernici.it\/it\/#website\",\"url\":\"https:\/\/www.astravernici.it\/it\/\",\"name\":\"Astra Vernici\",\"description\":\"Your Coating Partner\",\"publisher\":{\"@id\":\"https:\/\/www.astravernici.it\/it\/#organization\"},\"potentialAction\":[{\"@type\":\"SearchAction\",\"target\":{\"@type\":\"EntryPoint\",\"urlTemplate\":\"https:\/\/www.astravernici.it\/it\/?s={search_term_string}\"},\"query-input\":\"required name=search_term_string\"}],\"inLanguage\":\"it-IT\"},{\"@type\":\"ImageObject\",\"@id\":\"https:\/\/www.astravernici.it\/it\/stoccolma-sara-la-piu-grande-citta-in-legno-mai-realizzata\/#primaryimage\",\"inLanguage\":\"it-IT\",\"url\":\"https:\/\/www.astravernici.it\/wp-content\/uploads\/2023\/07\/copertina-news.jpg\",\"contentUrl\":\"https:\/\/www.astravernici.it\/wp-content\/uploads\/2023\/07\/copertina-news.jpg\",\"width\":1122,\"height\":827},{\"@type\":\"WebPage\",\"@id\":\"https:\/\/www.astravernici.it\/it\/stoccolma-sara-la-piu-grande-citta-in-legno-mai-realizzata\/#webpage\",\"url\":\"https:\/\/www.astravernici.it\/it\/stoccolma-sara-la-piu-grande-citta-in-legno-mai-realizzata\/\",\"name\":\"Stoccolma sar\\u00e0 la pi\\u00f9 grande citt\\u00e0 in legno mai realizzata\",\"isPartOf\":{\"@id\":\"https:\/\/www.astravernici.it\/it\/#website\"},\"primaryImageOfPage\":{\"@id\":\"https:\/\/www.astravernici.it\/it\/stoccolma-sara-la-piu-grande-citta-in-legno-mai-realizzata\/#primaryimage\"},\"datePublished\":\"2023-07-11T08:10:36+00:00\",\"dateModified\":\"2023-07-19T12:28:46+00:00\",\"description\":\"Nasce il progetto \\\"Stockholm Wood City\\\" che trasformer\\u00e0 il quartiere di Sickla, nel pi\\u00f9 grande insediamento in legno al mondo.\",\"breadcrumb\":{\"@id\":\"https:\/\/www.astravernici.it\/it\/stoccolma-sara-la-piu-grande-citta-in-legno-mai-realizzata\/#breadcrumb\"},\"inLanguage\":\"it-IT\",\"potentialAction\":[{\"@type\":\"ReadAction\",\"target\":[\"https:\/\/www.astravernici.it\/it\/stoccolma-sara-la-piu-grande-citta-in-legno-mai-realizzata\/\"]}]},{\"@type\":\"BreadcrumbList\",\"@id\":\"https:\/\/www.astravernici.it\/it\/stoccolma-sara-la-piu-grande-citta-in-legno-mai-realizzata\/#breadcrumb\",\"itemListElement\":[{\"@type\":\"ListItem\",\"position\":1,\"name\":\"Home\",\"item\":\"https:\/\/www.astravernici.it\/it\/\"},{\"@type\":\"ListItem\",\"position\":2,\"name\":\"Stoccolma sar\\u00e0 la pi\\u00f9 grande citt\\u00e0 in legno mai realizzata\"}]},{\"@type\":\"Article\",\"@id\":\"https:\/\/www.astravernici.it\/it\/stoccolma-sara-la-piu-grande-citta-in-legno-mai-realizzata\/#article\",\"isPartOf\":{\"@id\":\"https:\/\/www.astravernici.it\/it\/stoccolma-sara-la-piu-grande-citta-in-legno-mai-realizzata\/#webpage\"},\"author\":{\"@id\":\"https:\/\/www.astravernici.it\/it\/#\/schema\/person\/1befcb2d75c5d7461dfe8727e0cc2f25\"},\"headline\":\"Stoccolma sar\\u00e0 la pi\\u00f9 grande citt\\u00e0 in legno mai realizzata\",\"datePublished\":\"2023-07-11T08:10:36+00:00\",\"dateModified\":\"2023-07-19T12:28:46+00:00\",\"mainEntityOfPage\":{\"@id\":\"https:\/\/www.astravernici.it\/it\/stoccolma-sara-la-piu-grande-citta-in-legno-mai-realizzata\/#webpage\"},\"wordCount\":858,\"commentCount\":0,\"publisher\":{\"@id\":\"https:\/\/www.astravernici.it\/it\/#organization\"},\"image\":{\"@id\":\"https:\/\/www.astravernici.it\/it\/stoccolma-sara-la-piu-grande-citta-in-legno-mai-realizzata\/#primaryimage\"},\"thumbnailUrl\":\"https:\/\/www.astravernici.it\/wp-content\/uploads\/2023\/07\/copertina-news.jpg\",\"articleSection\":[\"News e Approfondimenti\"],\"inLanguage\":\"it-IT\",\"potentialAction\":[{\"@type\":\"CommentAction\",\"name\":\"Comment\",\"target\":[\"https:\/\/www.astravernici.it\/it\/stoccolma-sara-la-piu-grande-citta-in-legno-mai-realizzata\/#respond\"]}]},{\"@type\":\"Person\",\"@id\":\"https:\/\/www.astravernici.it\/it\/#\/schema\/person\/1befcb2d75c5d7461dfe8727e0cc2f25\",\"name\":\"admin\",\"image\":{\"@type\":\"ImageObject\",\"@id\":\"https:\/\/www.astravernici.it\/it\/#personlogo\",\"inLanguage\":\"it-IT\",\"url\":\"https:\/\/secure.gravatar.com\/avatar\/62cf4c4e335d983185d7d49781248579?s=96&d=mm&r=g\",\"contentUrl\":\"https:\/\/secure.gravatar.com\/avatar\/62cf4c4e335d983185d7d49781248579?s=96&d=mm&r=g\",\"caption\":\"admin\"}}]}<\/script>\n<!-- \/ Yoast SEO Premium plugin. -->","yoast_head_json":{"title":"Stoccolma sar\u00e0 la pi\u00f9 grande citt\u00e0 in legno mai realizzata","description":"Nasce il progetto \"Stockholm Wood City\" che trasformer\u00e0 il quartiere di Sickla, nel pi\u00f9 grande insediamento in legno al mondo.","robots":{"index":"index","follow":"follow","max-snippet":"max-snippet:-1","max-image-preview":"max-image-preview:large","max-video-preview":"max-video-preview:-1"},"canonical":"https:\/\/www.astravernici.it\/it\/stoccolma-sara-la-piu-grande-citta-in-legno-mai-realizzata\/","og_locale":"it_IT","og_type":"article","og_title":"Stoccolma sar\u00e0 la pi\u00f9 grande citt\u00e0 in legno mai realizzata","og_description":"Nasce il progetto \"Stockholm Wood City\" che trasformer\u00e0 il quartiere di Sickla, nel pi\u00f9 grande insediamento in legno al mondo.","og_url":"https:\/\/www.astravernici.it\/it\/stoccolma-sara-la-piu-grande-citta-in-legno-mai-realizzata\/","og_site_name":"Astra Vernici","article_published_time":"2023-07-11T08:10:36+00:00","article_modified_time":"2023-07-19T12:28:46+00:00","og_image":[{"width":1122,"height":827,"url":"https:\/\/www.astravernici.it\/wp-content\/uploads\/2023\/07\/copertina-news.jpg","type":"image\/jpeg"}],"twitter_card":"summary_large_image","twitter_misc":{"Scritto da":"admin","Tempo di lettura stimato":"4 minuti"},"schema":{"@context":"https:\/\/schema.org","@graph":[{"@type":"Organization","@id":"https:\/\/www.astravernici.it\/it\/#organization","name":"Astra Vernici","url":"https:\/\/www.astravernici.it\/it\/","sameAs":[],"logo":{"@type":"ImageObject","@id":"https:\/\/www.astravernici.it\/it\/#logo","inLanguage":"it-IT","url":"https:\/\/www.astravernici.it\/wp-content\/uploads\/2025\/10\/Logo-_Astra_750x492.svg","contentUrl":"https:\/\/www.astravernici.it\/wp-content\/uploads\/2025\/10\/Logo-_Astra_750x492.svg","caption":"Astra Vernici"},"image":{"@id":"https:\/\/www.astravernici.it\/it\/#logo"}},{"@type":"WebSite","@id":"https:\/\/www.astravernici.it\/it\/#website","url":"https:\/\/www.astravernici.it\/it\/","name":"Astra Vernici","description":"Your Coating Partner","publisher":{"@id":"https:\/\/www.astravernici.it\/it\/#organization"},"potentialAction":[{"@type":"SearchAction","target":{"@type":"EntryPoint","urlTemplate":"https:\/\/www.astravernici.it\/it\/?s={search_term_string}"},"query-input":"required name=search_term_string"}],"inLanguage":"it-IT"},{"@type":"ImageObject","@id":"https:\/\/www.astravernici.it\/it\/stoccolma-sara-la-piu-grande-citta-in-legno-mai-realizzata\/#primaryimage","inLanguage":"it-IT","url":"https:\/\/www.astravernici.it\/wp-content\/uploads\/2023\/07\/copertina-news.jpg","contentUrl":"https:\/\/www.astravernici.it\/wp-content\/uploads\/2023\/07\/copertina-news.jpg","width":1122,"height":827},{"@type":"WebPage","@id":"https:\/\/www.astravernici.it\/it\/stoccolma-sara-la-piu-grande-citta-in-legno-mai-realizzata\/#webpage","url":"https:\/\/www.astravernici.it\/it\/stoccolma-sara-la-piu-grande-citta-in-legno-mai-realizzata\/","name":"Stoccolma sar\u00e0 la pi\u00f9 grande citt\u00e0 in legno mai realizzata","isPartOf":{"@id":"https:\/\/www.astravernici.it\/it\/#website"},"primaryImageOfPage":{"@id":"https:\/\/www.astravernici.it\/it\/stoccolma-sara-la-piu-grande-citta-in-legno-mai-realizzata\/#primaryimage"},"datePublished":"2023-07-11T08:10:36+00:00","dateModified":"2023-07-19T12:28:46+00:00","description":"Nasce il progetto \"Stockholm Wood City\" che trasformer\u00e0 il quartiere di Sickla, nel pi\u00f9 grande insediamento in legno al mondo.","breadcrumb":{"@id":"https:\/\/www.astravernici.it\/it\/stoccolma-sara-la-piu-grande-citta-in-legno-mai-realizzata\/#breadcrumb"},"inLanguage":"it-IT","potentialAction":[{"@type":"ReadAction","target":["https:\/\/www.astravernici.it\/it\/stoccolma-sara-la-piu-grande-citta-in-legno-mai-realizzata\/"]}]},{"@type":"BreadcrumbList","@id":"https:\/\/www.astravernici.it\/it\/stoccolma-sara-la-piu-grande-citta-in-legno-mai-realizzata\/#breadcrumb","itemListElement":[{"@type":"ListItem","position":1,"name":"Home","item":"https:\/\/www.astravernici.it\/it\/"},{"@type":"ListItem","position":2,"name":"Stoccolma sar\u00e0 la pi\u00f9 grande citt\u00e0 in legno mai realizzata"}]},{"@type":"Article","@id":"https:\/\/www.astravernici.it\/it\/stoccolma-sara-la-piu-grande-citta-in-legno-mai-realizzata\/#article","isPartOf":{"@id":"https:\/\/www.astravernici.it\/it\/stoccolma-sara-la-piu-grande-citta-in-legno-mai-realizzata\/#webpage"},"author":{"@id":"https:\/\/www.astravernici.it\/it\/#\/schema\/person\/1befcb2d75c5d7461dfe8727e0cc2f25"},"headline":"Stoccolma sar\u00e0 la pi\u00f9 grande citt\u00e0 in legno mai realizzata","datePublished":"2023-07-11T08:10:36+00:00","dateModified":"2023-07-19T12:28:46+00:00","mainEntityOfPage":{"@id":"https:\/\/www.astravernici.it\/it\/stoccolma-sara-la-piu-grande-citta-in-legno-mai-realizzata\/#webpage"},"wordCount":858,"commentCount":0,"publisher":{"@id":"https:\/\/www.astravernici.it\/it\/#organization"},"image":{"@id":"https:\/\/www.astravernici.it\/it\/stoccolma-sara-la-piu-grande-citta-in-legno-mai-realizzata\/#primaryimage"},"thumbnailUrl":"https:\/\/www.astravernici.it\/wp-content\/uploads\/2023\/07\/copertina-news.jpg","articleSection":["News e Approfondimenti"],"inLanguage":"it-IT","potentialAction":[{"@type":"CommentAction","name":"Comment","target":["https:\/\/www.astravernici.it\/it\/stoccolma-sara-la-piu-grande-citta-in-legno-mai-realizzata\/#respond"]}]},{"@type":"Person","@id":"https:\/\/www.astravernici.it\/it\/#\/schema\/person\/1befcb2d75c5d7461dfe8727e0cc2f25","name":"admin","image":{"@type":"ImageObject","@id":"https:\/\/www.astravernici.it\/it\/#personlogo","inLanguage":"it-IT","url":"https:\/\/secure.gravatar.com\/avatar\/62cf4c4e335d983185d7d49781248579?s=96&d=mm&r=g","contentUrl":"https:\/\/secure.gravatar.com\/avatar\/62cf4c4e335d983185d7d49781248579?s=96&d=mm&r=g","caption":"admin"}}]}},"_links":{"self":[{"href":"https:\/\/www.astravernici.it\/it\/wp-json\/wp\/v2\/posts\/35353"}],"collection":[{"href":"https:\/\/www.astravernici.it\/it\/wp-json\/wp\/v2\/posts"}],"about":[{"href":"https:\/\/www.astravernici.it\/it\/wp-json\/wp\/v2\/types\/post"}],"author":[{"embeddable":true,"href":"https:\/\/www.astravernici.it\/it\/wp-json\/wp\/v2\/users\/1"}],"replies":[{"embeddable":true,"href":"https:\/\/www.astravernici.it\/it\/wp-json\/wp\/v2\/comments?post=35353"}],"version-history":[{"count":8,"href":"https:\/\/www.astravernici.it\/it\/wp-json\/wp\/v2\/posts\/35353\/revisions"}],"predecessor-version":[{"id":35357,"href":"https:\/\/www.astravernici.it\/it\/wp-json\/wp\/v2\/posts\/35353\/revisions\/35357"}],"wp:featuredmedia":[{"embeddable":true,"href":"https:\/\/www.astravernici.it\/it\/wp-json\/wp\/v2\/media\/35359"}],"wp:attachment":[{"href":"https:\/\/www.astravernici.it\/it\/wp-json\/wp\/v2\/media?parent=35353"}],"wp:term":[{"taxonomy":"category","embeddable":true,"href":"https:\/\/www.astravernici.it\/it\/wp-json\/wp\/v2\/categories?post=35353"},{"taxonomy":"post_tag","embeddable":true,"href":"https:\/\/www.astravernici.it\/it\/wp-json\/wp\/v2\/tags?post=35353"}],"curies":[{"name":"wp","href":"https:\/\/api.w.org\/{rel}","templated":true}]}}