{"id":35060,"date":"2023-03-08T17:21:04","date_gmt":"2023-03-08T16:21:04","guid":{"rendered":"https:\/\/www.astravernici.it\/?p=35060"},"modified":"2023-03-08T17:27:50","modified_gmt":"2023-03-08T16:27:50","slug":"giornata-internazionale-della-donna","status":"publish","type":"post","link":"https:\/\/www.astravernici.it\/it\/giornata-internazionale-della-donna\/","title":{"rendered":"Giornata Internazionale della Donna"},"content":{"rendered":"<p>[vc_row css=&#8221;.vc_custom_1676640948266{padding-top: 30px !important;}&#8221;][vc_column][vc_row_inner equal_height=&#8221;yes&#8221; content_placement=&#8221;middle&#8221;][vc_column_inner width=&#8221;2\/3&#8243;][vc_column_text]<\/p>\n<h3 style=\"font-size: 1.5em;\">AstraWomen &#8211; Le donne che hanno fatto la storia della scienza<br \/>\nMarie Curie<\/h3>\n<p>[\/vc_column_text][vc_empty_space][vc_column_text]Approfittiamo della festa della donna per fare gli auguri a tutte le nostre lettrici, le nostre impiegate e tutte le nostre partner.<\/p>\n<p>In questa rubrica approfondiremo puntata dopo puntata le pi\u00f9 importanti donne nel campo della scienza e tecnologia.<\/p>\n<p>Senza dubbio, <strong>Marie Curie<\/strong> fu una delle prime scienziate ad essere riconosciuta su scala globale come tale.<\/p>\n<p>In effetti, lei e suo marito Pierre hanno collaborato a significativi studi sulle radiazioni e sui materiali radioattivi.<\/p>\n<p>Questi studi non vinsero uno, ma bens\u00ec <strong>due premi Nobel<\/strong>: in <strong>Fisica<\/strong> nel 1903 e in <strong>Chimica<\/strong> nel 1911, in seguito alla scoperta di radio e Polonio.<br \/>\nLady Curie \u00e8 stata la prima donna ad insegnare alla rinomata Universit\u00e0 Sorbona di Parigi.<\/p>\n<p>Anche la figlia Ir\u00e9ne port\u00f2 avanti le sue ricerche e insieme al marito Fr\u00e9d\u00e9ric Joliot, riusc\u00ec ad isolare gli elementi radioattivi presenti in natura e completare la conversione di alcuni elementi in isotopi radioattivi sintetici. Vinse anche il Premio Nobel per la chimica nel 1934 per questo motivo.<\/p>\n<p>Madre e figlia sono state riconosciute non solo per il loro valore scientifico, ma anche per il tragico esito dei loro esperimenti: entrambe sono morte poco dopo a causa di malattie causate dalla manipolazione di materiali radioattivi.<\/p>\n<p>Due donne che hanno fatto grandi passi avanti nel campo della scienza e della tecnologia.<\/p>\n<p>Due donne che hanno dato l&#8217;esempio e la vita per il lavoro che amavano.<\/p>\n<p>Due donne che hanno fatto la storia.<\/p>\n<p>Per sempre.[\/vc_column_text][\/vc_column_inner][vc_column_inner width=&#8221;1\/3&#8243;][vc_empty_space][vc_single_image image=&#8221;35066&#8243; img_size=&#8221;full&#8221; css=&#8221;.vc_custom_1678287995662{border-radius: 1px !important;}&#8221;][vc_empty_space][\/vc_column_inner][\/vc_row_inner][\/vc_column][\/vc_row]<\/p>\n","protected":false},"excerpt":{"rendered":"<p>Approfittiamo della festa della donna per fare gli auguri a tutte le nostre lettrici, le nostre impiegate e tutte le nostre partner&#8230;<\/p>\n","protected":false},"author":1,"featured_media":35063,"comment_status":"open","ping_status":"open","sticky":false,"template":"","format":"standard","meta":{"_mi_skip_tracking":false,"_monsterinsights_sitenote_active":false,"_monsterinsights_sitenote_note":"","_monsterinsights_sitenote_category":0},"categories":[518],"tags":[],"yoast_head":"<!-- This site is optimized with the Yoast SEO Premium plugin v16.0.3 (Yoast SEO v17.6) - https:\/\/yoast.com\/wordpress\/plugins\/seo\/ -->\n<title>Campioni dell\u2019export 2022 AstraVernici nelle migliori aziende export italiane<\/title>\n<meta name=\"description\" content=\"Nonostante il covid e la guerra il made in Italy ha preso nuove quote di mercato. Astra Vernici nella top 120 secondo il Sole24Ore nelle migliori aziende export italiane\" \/>\n<meta name=\"robots\" content=\"index, follow, max-snippet:-1, max-image-preview:large, max-video-preview:-1\" \/>\n<link rel=\"canonical\" href=\"https:\/\/www.astravernici.it\/it\/giornata-internazionale-della-donna\/\" \/>\n<meta property=\"og:locale\" content=\"it_IT\" \/>\n<meta property=\"og:type\" content=\"article\" \/>\n<meta property=\"og:title\" content=\"Campioni dell\u2019export 2022 AstraVernici nelle migliori aziende export italiane\" \/>\n<meta property=\"og:description\" content=\"Nonostante il covid e la guerra il made in Italy ha preso nuove quote di mercato. Astra Vernici nella top 120 secondo il Sole24Ore nelle migliori aziende export italiane\" \/>\n<meta property=\"og:url\" content=\"https:\/\/www.astravernici.it\/it\/giornata-internazionale-della-donna\/\" \/>\n<meta property=\"og:site_name\" content=\"Astra Vernici\" \/>\n<meta property=\"article:published_time\" content=\"2023-03-08T16:21:04+00:00\" \/>\n<meta property=\"article:modified_time\" content=\"2023-03-08T16:27:50+00:00\" \/>\n<meta property=\"og:image\" content=\"https:\/\/www.astravernici.it\/wp-content\/uploads\/2023\/03\/pexels-polina-tankilevitch-3735757-scaled.jpg\" \/>\n\t<meta property=\"og:image:width\" content=\"2560\" \/>\n\t<meta property=\"og:image:height\" content=\"1706\" \/>\n<meta name=\"twitter:card\" content=\"summary_large_image\" \/>\n<meta name=\"twitter:label1\" content=\"Scritto da\" \/>\n\t<meta name=\"twitter:data1\" content=\"admin\" \/>\n\t<meta name=\"twitter:label2\" content=\"Tempo di lettura stimato\" \/>\n\t<meta name=\"twitter:data2\" content=\"2 minuti\" \/>\n<script type=\"application\/ld+json\" class=\"yoast-schema-graph\">{\"@context\":\"https:\/\/schema.org\",\"@graph\":[{\"@type\":\"Organization\",\"@id\":\"https:\/\/www.astravernici.it\/it\/#organization\",\"name\":\"Astra Vernici\",\"url\":\"https:\/\/www.astravernici.it\/it\/\",\"sameAs\":[],\"logo\":{\"@type\":\"ImageObject\",\"@id\":\"https:\/\/www.astravernici.it\/it\/#logo\",\"inLanguage\":\"it-IT\",\"url\":\"https:\/\/www.astravernici.it\/wp-content\/uploads\/2025\/10\/Logo-_Astra_750x492.svg\",\"contentUrl\":\"https:\/\/www.astravernici.it\/wp-content\/uploads\/2025\/10\/Logo-_Astra_750x492.svg\",\"caption\":\"Astra Vernici\"},\"image\":{\"@id\":\"https:\/\/www.astravernici.it\/it\/#logo\"}},{\"@type\":\"WebSite\",\"@id\":\"https:\/\/www.astravernici.it\/it\/#website\",\"url\":\"https:\/\/www.astravernici.it\/it\/\",\"name\":\"Astra Vernici\",\"description\":\"Your Coating Partner\",\"publisher\":{\"@id\":\"https:\/\/www.astravernici.it\/it\/#organization\"},\"potentialAction\":[{\"@type\":\"SearchAction\",\"target\":{\"@type\":\"EntryPoint\",\"urlTemplate\":\"https:\/\/www.astravernici.it\/it\/?s={search_term_string}\"},\"query-input\":\"required name=search_term_string\"}],\"inLanguage\":\"it-IT\"},{\"@type\":\"ImageObject\",\"@id\":\"https:\/\/www.astravernici.it\/it\/giornata-internazionale-della-donna\/#primaryimage\",\"inLanguage\":\"it-IT\",\"url\":\"https:\/\/www.astravernici.it\/wp-content\/uploads\/2023\/03\/pexels-polina-tankilevitch-3735757-scaled.jpg\",\"contentUrl\":\"https:\/\/www.astravernici.it\/wp-content\/uploads\/2023\/03\/pexels-polina-tankilevitch-3735757-scaled.jpg\",\"width\":2560,\"height\":1706},{\"@type\":\"WebPage\",\"@id\":\"https:\/\/www.astravernici.it\/it\/giornata-internazionale-della-donna\/#webpage\",\"url\":\"https:\/\/www.astravernici.it\/it\/giornata-internazionale-della-donna\/\",\"name\":\"Campioni dell\\u2019export 2022 AstraVernici nelle migliori aziende export italiane\",\"isPartOf\":{\"@id\":\"https:\/\/www.astravernici.it\/it\/#website\"},\"primaryImageOfPage\":{\"@id\":\"https:\/\/www.astravernici.it\/it\/giornata-internazionale-della-donna\/#primaryimage\"},\"datePublished\":\"2023-03-08T16:21:04+00:00\",\"dateModified\":\"2023-03-08T16:27:50+00:00\",\"description\":\"Nonostante il covid e la guerra il made in Italy ha preso nuove quote di mercato. Astra Vernici nella top 120 secondo il Sole24Ore nelle migliori aziende export italiane\",\"breadcrumb\":{\"@id\":\"https:\/\/www.astravernici.it\/it\/giornata-internazionale-della-donna\/#breadcrumb\"},\"inLanguage\":\"it-IT\",\"potentialAction\":[{\"@type\":\"ReadAction\",\"target\":[\"https:\/\/www.astravernici.it\/it\/giornata-internazionale-della-donna\/\"]}]},{\"@type\":\"BreadcrumbList\",\"@id\":\"https:\/\/www.astravernici.it\/it\/giornata-internazionale-della-donna\/#breadcrumb\",\"itemListElement\":[{\"@type\":\"ListItem\",\"position\":1,\"name\":\"Home\",\"item\":\"https:\/\/www.astravernici.it\/it\/\"},{\"@type\":\"ListItem\",\"position\":2,\"name\":\"Giornata Internazionale della Donna\"}]},{\"@type\":\"Article\",\"@id\":\"https:\/\/www.astravernici.it\/it\/giornata-internazionale-della-donna\/#article\",\"isPartOf\":{\"@id\":\"https:\/\/www.astravernici.it\/it\/giornata-internazionale-della-donna\/#webpage\"},\"author\":{\"@id\":\"https:\/\/www.astravernici.it\/it\/#\/schema\/person\/1befcb2d75c5d7461dfe8727e0cc2f25\"},\"headline\":\"Giornata Internazionale della Donna\",\"datePublished\":\"2023-03-08T16:21:04+00:00\",\"dateModified\":\"2023-03-08T16:27:50+00:00\",\"mainEntityOfPage\":{\"@id\":\"https:\/\/www.astravernici.it\/it\/giornata-internazionale-della-donna\/#webpage\"},\"wordCount\":329,\"commentCount\":1,\"publisher\":{\"@id\":\"https:\/\/www.astravernici.it\/it\/#organization\"},\"image\":{\"@id\":\"https:\/\/www.astravernici.it\/it\/giornata-internazionale-della-donna\/#primaryimage\"},\"thumbnailUrl\":\"https:\/\/www.astravernici.it\/wp-content\/uploads\/2023\/03\/pexels-polina-tankilevitch-3735757-scaled.jpg\",\"articleSection\":[\"News e Approfondimenti\"],\"inLanguage\":\"it-IT\",\"potentialAction\":[{\"@type\":\"CommentAction\",\"name\":\"Comment\",\"target\":[\"https:\/\/www.astravernici.it\/it\/giornata-internazionale-della-donna\/#respond\"]}]},{\"@type\":\"Person\",\"@id\":\"https:\/\/www.astravernici.it\/it\/#\/schema\/person\/1befcb2d75c5d7461dfe8727e0cc2f25\",\"name\":\"admin\",\"image\":{\"@type\":\"ImageObject\",\"@id\":\"https:\/\/www.astravernici.it\/it\/#personlogo\",\"inLanguage\":\"it-IT\",\"url\":\"https:\/\/secure.gravatar.com\/avatar\/62cf4c4e335d983185d7d49781248579?s=96&d=mm&r=g\",\"contentUrl\":\"https:\/\/secure.gravatar.com\/avatar\/62cf4c4e335d983185d7d49781248579?s=96&d=mm&r=g\",\"caption\":\"admin\"}}]}<\/script>\n<!-- \/ Yoast SEO Premium plugin. -->","yoast_head_json":{"title":"Campioni dell\u2019export 2022 AstraVernici nelle migliori aziende export italiane","description":"Nonostante il covid e la guerra il made in Italy ha preso nuove quote di mercato. Astra Vernici nella top 120 secondo il Sole24Ore nelle migliori aziende export italiane","robots":{"index":"index","follow":"follow","max-snippet":"max-snippet:-1","max-image-preview":"max-image-preview:large","max-video-preview":"max-video-preview:-1"},"canonical":"https:\/\/www.astravernici.it\/it\/giornata-internazionale-della-donna\/","og_locale":"it_IT","og_type":"article","og_title":"Campioni dell\u2019export 2022 AstraVernici nelle migliori aziende export italiane","og_description":"Nonostante il covid e la guerra il made in Italy ha preso nuove quote di mercato. Astra Vernici nella top 120 secondo il Sole24Ore nelle migliori aziende export italiane","og_url":"https:\/\/www.astravernici.it\/it\/giornata-internazionale-della-donna\/","og_site_name":"Astra Vernici","article_published_time":"2023-03-08T16:21:04+00:00","article_modified_time":"2023-03-08T16:27:50+00:00","og_image":[{"width":2560,"height":1706,"url":"https:\/\/www.astravernici.it\/wp-content\/uploads\/2023\/03\/pexels-polina-tankilevitch-3735757-scaled.jpg","type":"image\/jpeg"}],"twitter_card":"summary_large_image","twitter_misc":{"Scritto da":"admin","Tempo di lettura stimato":"2 minuti"},"schema":{"@context":"https:\/\/schema.org","@graph":[{"@type":"Organization","@id":"https:\/\/www.astravernici.it\/it\/#organization","name":"Astra Vernici","url":"https:\/\/www.astravernici.it\/it\/","sameAs":[],"logo":{"@type":"ImageObject","@id":"https:\/\/www.astravernici.it\/it\/#logo","inLanguage":"it-IT","url":"https:\/\/www.astravernici.it\/wp-content\/uploads\/2025\/10\/Logo-_Astra_750x492.svg","contentUrl":"https:\/\/www.astravernici.it\/wp-content\/uploads\/2025\/10\/Logo-_Astra_750x492.svg","caption":"Astra Vernici"},"image":{"@id":"https:\/\/www.astravernici.it\/it\/#logo"}},{"@type":"WebSite","@id":"https:\/\/www.astravernici.it\/it\/#website","url":"https:\/\/www.astravernici.it\/it\/","name":"Astra Vernici","description":"Your Coating Partner","publisher":{"@id":"https:\/\/www.astravernici.it\/it\/#organization"},"potentialAction":[{"@type":"SearchAction","target":{"@type":"EntryPoint","urlTemplate":"https:\/\/www.astravernici.it\/it\/?s={search_term_string}"},"query-input":"required name=search_term_string"}],"inLanguage":"it-IT"},{"@type":"ImageObject","@id":"https:\/\/www.astravernici.it\/it\/giornata-internazionale-della-donna\/#primaryimage","inLanguage":"it-IT","url":"https:\/\/www.astravernici.it\/wp-content\/uploads\/2023\/03\/pexels-polina-tankilevitch-3735757-scaled.jpg","contentUrl":"https:\/\/www.astravernici.it\/wp-content\/uploads\/2023\/03\/pexels-polina-tankilevitch-3735757-scaled.jpg","width":2560,"height":1706},{"@type":"WebPage","@id":"https:\/\/www.astravernici.it\/it\/giornata-internazionale-della-donna\/#webpage","url":"https:\/\/www.astravernici.it\/it\/giornata-internazionale-della-donna\/","name":"Campioni dell\u2019export 2022 AstraVernici nelle migliori aziende export italiane","isPartOf":{"@id":"https:\/\/www.astravernici.it\/it\/#website"},"primaryImageOfPage":{"@id":"https:\/\/www.astravernici.it\/it\/giornata-internazionale-della-donna\/#primaryimage"},"datePublished":"2023-03-08T16:21:04+00:00","dateModified":"2023-03-08T16:27:50+00:00","description":"Nonostante il covid e la guerra il made in Italy ha preso nuove quote di mercato. Astra Vernici nella top 120 secondo il Sole24Ore nelle migliori aziende export italiane","breadcrumb":{"@id":"https:\/\/www.astravernici.it\/it\/giornata-internazionale-della-donna\/#breadcrumb"},"inLanguage":"it-IT","potentialAction":[{"@type":"ReadAction","target":["https:\/\/www.astravernici.it\/it\/giornata-internazionale-della-donna\/"]}]},{"@type":"BreadcrumbList","@id":"https:\/\/www.astravernici.it\/it\/giornata-internazionale-della-donna\/#breadcrumb","itemListElement":[{"@type":"ListItem","position":1,"name":"Home","item":"https:\/\/www.astravernici.it\/it\/"},{"@type":"ListItem","position":2,"name":"Giornata Internazionale della Donna"}]},{"@type":"Article","@id":"https:\/\/www.astravernici.it\/it\/giornata-internazionale-della-donna\/#article","isPartOf":{"@id":"https:\/\/www.astravernici.it\/it\/giornata-internazionale-della-donna\/#webpage"},"author":{"@id":"https:\/\/www.astravernici.it\/it\/#\/schema\/person\/1befcb2d75c5d7461dfe8727e0cc2f25"},"headline":"Giornata Internazionale della Donna","datePublished":"2023-03-08T16:21:04+00:00","dateModified":"2023-03-08T16:27:50+00:00","mainEntityOfPage":{"@id":"https:\/\/www.astravernici.it\/it\/giornata-internazionale-della-donna\/#webpage"},"wordCount":329,"commentCount":1,"publisher":{"@id":"https:\/\/www.astravernici.it\/it\/#organization"},"image":{"@id":"https:\/\/www.astravernici.it\/it\/giornata-internazionale-della-donna\/#primaryimage"},"thumbnailUrl":"https:\/\/www.astravernici.it\/wp-content\/uploads\/2023\/03\/pexels-polina-tankilevitch-3735757-scaled.jpg","articleSection":["News e Approfondimenti"],"inLanguage":"it-IT","potentialAction":[{"@type":"CommentAction","name":"Comment","target":["https:\/\/www.astravernici.it\/it\/giornata-internazionale-della-donna\/#respond"]}]},{"@type":"Person","@id":"https:\/\/www.astravernici.it\/it\/#\/schema\/person\/1befcb2d75c5d7461dfe8727e0cc2f25","name":"admin","image":{"@type":"ImageObject","@id":"https:\/\/www.astravernici.it\/it\/#personlogo","inLanguage":"it-IT","url":"https:\/\/secure.gravatar.com\/avatar\/62cf4c4e335d983185d7d49781248579?s=96&d=mm&r=g","contentUrl":"https:\/\/secure.gravatar.com\/avatar\/62cf4c4e335d983185d7d49781248579?s=96&d=mm&r=g","caption":"admin"}}]}},"_links":{"self":[{"href":"https:\/\/www.astravernici.it\/it\/wp-json\/wp\/v2\/posts\/35060"}],"collection":[{"href":"https:\/\/www.astravernici.it\/it\/wp-json\/wp\/v2\/posts"}],"about":[{"href":"https:\/\/www.astravernici.it\/it\/wp-json\/wp\/v2\/types\/post"}],"author":[{"embeddable":true,"href":"https:\/\/www.astravernici.it\/it\/wp-json\/wp\/v2\/users\/1"}],"replies":[{"embeddable":true,"href":"https:\/\/www.astravernici.it\/it\/wp-json\/wp\/v2\/comments?post=35060"}],"version-history":[{"count":6,"href":"https:\/\/www.astravernici.it\/it\/wp-json\/wp\/v2\/posts\/35060\/revisions"}],"predecessor-version":[{"id":35072,"href":"https:\/\/www.astravernici.it\/it\/wp-json\/wp\/v2\/posts\/35060\/revisions\/35072"}],"wp:featuredmedia":[{"embeddable":true,"href":"https:\/\/www.astravernici.it\/it\/wp-json\/wp\/v2\/media\/35063"}],"wp:attachment":[{"href":"https:\/\/www.astravernici.it\/it\/wp-json\/wp\/v2\/media?parent=35060"}],"wp:term":[{"taxonomy":"category","embeddable":true,"href":"https:\/\/www.astravernici.it\/it\/wp-json\/wp\/v2\/categories?post=35060"},{"taxonomy":"post_tag","embeddable":true,"href":"https:\/\/www.astravernici.it\/it\/wp-json\/wp\/v2\/tags?post=35060"}],"curies":[{"name":"wp","href":"https:\/\/api.w.org\/{rel}","templated":true}]}}