{"id":34850,"date":"2022-12-15T15:31:51","date_gmt":"2022-12-15T14:31:51","guid":{"rendered":"https:\/\/www.astravernici.it\/?p=34850"},"modified":"2022-12-19T15:14:08","modified_gmt":"2022-12-19T14:14:08","slug":"astra-vernici-campione-dellexport-2022-secondo-il-sole-24-ore","status":"publish","type":"post","link":"https:\/\/www.astravernici.it\/it\/astra-vernici-campione-dellexport-2022-secondo-il-sole-24-ore\/","title":{"rendered":"Astra Vernici Campione dell&#8217;Export 2022 secondo Il Sole 24 Ore"},"content":{"rendered":"<p>[vc_row][vc_column][vc_row_inner css=&#8221;.vc_custom_1670232156284{padding-top: 50px !important;}&#8221;][vc_column_inner width=&#8221;2\/3&#8243;][vc_column_text]<\/p>\n<h3 style=\"font-size: 20px;\">Campioni dell\u2019Export 2022 \u00e8 la lista delle 200 aziende con il maggior tasso di export nel 2020, realizzata da <a href=\"https:\/\/www.ilsole24ore.com\/\">Sole 24 Ore<\/a> e <a href=\"https:\/\/www.statista.com\/\">Statista<\/a>.<\/h3>\n<h1 style=\"font-size: 10px; text-transform: uppercase; line-height: 13px;\"><strong>aziende export italiane<\/strong><\/h1>\n<p>La lista \u00e8 stata elaborata da Statista, societ\u00e0 leader mondiale nell&#8217;analisi dei dati, analizzando i dati finanziari 2020 forniti dalle imprese.<\/p>\n<p>Astra Vernici \u00e8 nella top 120, e siamo fieri e orgogliosi di esportare il nostro made in Italy e know-how nel campo delle <a href=\"https:\/\/www.astravernici.it\/it\/vernici-a-base-solvente\/\">vernici professionali<\/a>.<\/p>\n<p>\u00abSono prese in considerazione aziende esport italiane manifatturiere che esportano i loro beni all&#8217;estero (spiega Marco Paciocco, senior analyst di Statista).<br \/>\nLe imprese dovevano avere un fatturato tra 1,5 e 500 milioni nel 2020, avere sede legale in Italia, essere state fondate nel 2018 o prima, avere un polo produttivo in Italia, produrre ed esportare beni fisici e avere i requisiti di reputazione ex legem\u00bb.<\/p>\n<p>Statista ha elaborato la classifica in base alla quota di export, considerando \u00abil rapporto tra il fatturato da attivit\u00e0 di export e il giro d&#8217;affari totale del 2020&#8230;\u00bb[\/vc_column_text][vc_column_text]<\/p>\n<h5>Un Paese votato all\u2019export<\/h5>\n<p class=\"atext\">Ma qual \u00e8 il prossimo passo per sostenere queste imprese e fare moltiplicare in modo esponenziale i <a href=\"https:\/\/lab24.ilsole24ore.com\/campioni-export-2022\/\">Campioni dell&#8217;Export<\/a>?<br \/>\n\u00abCiascuno deve fare la sua parte &#8211; propone Lorenzo Zurino &#8211;<br \/>\nLe aziende export italiane farebbero bene ad avere pi\u00f9 fiducia nel Sistema Paese e cogliere tutte le potenzialit\u00e0\u00a0 create dal Patto per l&#8217;Export, che mette a disposizione fondi ingenti e strumenti sofisticati e di semplice accesso, per rafforzare la presenza all&#8217;estero.<\/p>\n<p class=\"atext\">Il <a href=\"https:\/\/www.governo.it\/sites\/governo.it\/files\/PNRR.pdf\"><strong>Pnrr (Patto nazionale di ripresa e resilienza)<\/strong><\/a> ha rifinanziato fondo Simest per l&#8217;export e la scadenza \u00e8 stata di recente prorogata. Si tratta di un treno da prendere al volo per far decollare le esportazioni. L&#8217;agenzia Ice-Ita per il commercio estero offre servizi gratuiti di scouting dei buyer esteri. Oltre a servizi di accompagnamento alle grandi fiere internazionale, con stand e costi azzerati. E tutti lavorano sotto il coordinamento della <a href=\"https:\/\/www.esteri.it\/it\/\">Farnesina<\/a>. I nostri <strong>ambasciatori all&#8217;estero<\/strong> sono i focal point di questa rete di sostegno.<br \/>\nInsomma, non ci sono pi\u00f9 scuse n\u00e9 ostacoli apparenti: il Sistema Paese c&#8217;\u00e8 e noi imprenditori dobbiamo imparare a fidarci e a usarlo.<br \/>\nCome dicevano i romani: cum grano salis \u00bb.<\/p>\n<p>[\/vc_column_text][\/vc_column_inner][vc_column_inner width=&#8221;1\/3&#8243;][vc_empty_space][vc_single_image image=&#8221;34858&#8243; img_size=&#8221;full&#8221; css=&#8221;.vc_custom_1671112230999{border-radius: 1px !important;}&#8221;][vc_empty_space][\/vc_column_inner][\/vc_row_inner][\/vc_column][\/vc_row]<\/p>\n","protected":false},"excerpt":{"rendered":"<p>Nonostante la pandemia e la guerra il made in Italy ha conquistato nuove quote di mercato all\u2019estero. Astra Vernici nella top 120 dei \u00abCampioni dell\u2019export\u00bb<\/p>\n","protected":false},"author":1,"featured_media":34875,"comment_status":"open","ping_status":"open","sticky":false,"template":"","format":"standard","meta":{"_mi_skip_tracking":false,"_monsterinsights_sitenote_active":false,"_monsterinsights_sitenote_note":"","_monsterinsights_sitenote_category":0},"categories":[518],"tags":[],"yoast_head":"<!-- This site is optimized with the Yoast SEO Premium plugin v16.0.3 (Yoast SEO v17.6) - https:\/\/yoast.com\/wordpress\/plugins\/seo\/ -->\n<title>Campioni dell\u2019export 2022 AstraVernici nelle migliori aziende export italiane<\/title>\n<meta name=\"description\" content=\"Nonostante il covid e la guerra il made in Italy ha preso nuove quote di mercato. Astra Vernici nella top 120 secondo il Sole24Ore nelle migliori aziende export italiane\" \/>\n<meta name=\"robots\" content=\"index, follow, max-snippet:-1, max-image-preview:large, max-video-preview:-1\" \/>\n<link rel=\"canonical\" href=\"https:\/\/www.astravernici.it\/it\/astra-vernici-campione-dellexport-2022-secondo-il-sole-24-ore\/\" \/>\n<meta property=\"og:locale\" content=\"it_IT\" \/>\n<meta property=\"og:type\" content=\"article\" \/>\n<meta property=\"og:title\" content=\"Campioni dell\u2019export 2022 AstraVernici nelle migliori aziende export italiane\" \/>\n<meta property=\"og:description\" content=\"Nonostante il covid e la guerra il made in Italy ha preso nuove quote di mercato. Astra Vernici nella top 120 secondo il Sole24Ore nelle migliori aziende export italiane\" \/>\n<meta property=\"og:url\" content=\"https:\/\/www.astravernici.it\/it\/astra-vernici-campione-dellexport-2022-secondo-il-sole-24-ore\/\" \/>\n<meta property=\"og:site_name\" content=\"Astra Vernici\" \/>\n<meta property=\"article:published_time\" content=\"2022-12-15T14:31:51+00:00\" \/>\n<meta property=\"article:modified_time\" content=\"2022-12-19T14:14:08+00:00\" \/>\n<meta property=\"og:image\" content=\"https:\/\/www.astravernici.it\/wp-content\/uploads\/2022\/12\/campioni-export-leader.png\" \/>\n\t<meta property=\"og:image:width\" content=\"512\" \/>\n\t<meta property=\"og:image:height\" content=\"337\" \/>\n<meta name=\"twitter:card\" content=\"summary_large_image\" \/>\n<meta name=\"twitter:label1\" content=\"Scritto da\" \/>\n\t<meta name=\"twitter:data1\" content=\"admin\" \/>\n\t<meta name=\"twitter:label2\" content=\"Tempo di lettura stimato\" \/>\n\t<meta name=\"twitter:data2\" content=\"2 minuti\" \/>\n<script type=\"application\/ld+json\" class=\"yoast-schema-graph\">{\"@context\":\"https:\/\/schema.org\",\"@graph\":[{\"@type\":\"Organization\",\"@id\":\"https:\/\/www.astravernici.it\/it\/#organization\",\"name\":\"Astra Vernici\",\"url\":\"https:\/\/www.astravernici.it\/it\/\",\"sameAs\":[],\"logo\":{\"@type\":\"ImageObject\",\"@id\":\"https:\/\/www.astravernici.it\/it\/#logo\",\"inLanguage\":\"it-IT\",\"url\":\"https:\/\/www.astravernici.it\/wp-content\/uploads\/2025\/10\/Logo-_Astra_750x492.svg\",\"contentUrl\":\"https:\/\/www.astravernici.it\/wp-content\/uploads\/2025\/10\/Logo-_Astra_750x492.svg\",\"caption\":\"Astra Vernici\"},\"image\":{\"@id\":\"https:\/\/www.astravernici.it\/it\/#logo\"}},{\"@type\":\"WebSite\",\"@id\":\"https:\/\/www.astravernici.it\/it\/#website\",\"url\":\"https:\/\/www.astravernici.it\/it\/\",\"name\":\"Astra Vernici\",\"description\":\"Your Coating Partner\",\"publisher\":{\"@id\":\"https:\/\/www.astravernici.it\/it\/#organization\"},\"potentialAction\":[{\"@type\":\"SearchAction\",\"target\":{\"@type\":\"EntryPoint\",\"urlTemplate\":\"https:\/\/www.astravernici.it\/it\/?s={search_term_string}\"},\"query-input\":\"required name=search_term_string\"}],\"inLanguage\":\"it-IT\"},{\"@type\":\"ImageObject\",\"@id\":\"https:\/\/www.astravernici.it\/it\/astra-vernici-campione-dellexport-2022-secondo-il-sole-24-ore\/#primaryimage\",\"inLanguage\":\"it-IT\",\"url\":\"https:\/\/www.astravernici.it\/wp-content\/uploads\/2022\/12\/campioni-export-leader.png\",\"contentUrl\":\"https:\/\/www.astravernici.it\/wp-content\/uploads\/2022\/12\/campioni-export-leader.png\",\"width\":512,\"height\":337},{\"@type\":\"WebPage\",\"@id\":\"https:\/\/www.astravernici.it\/it\/astra-vernici-campione-dellexport-2022-secondo-il-sole-24-ore\/#webpage\",\"url\":\"https:\/\/www.astravernici.it\/it\/astra-vernici-campione-dellexport-2022-secondo-il-sole-24-ore\/\",\"name\":\"Campioni dell\\u2019export 2022 AstraVernici nelle migliori aziende export italiane\",\"isPartOf\":{\"@id\":\"https:\/\/www.astravernici.it\/it\/#website\"},\"primaryImageOfPage\":{\"@id\":\"https:\/\/www.astravernici.it\/it\/astra-vernici-campione-dellexport-2022-secondo-il-sole-24-ore\/#primaryimage\"},\"datePublished\":\"2022-12-15T14:31:51+00:00\",\"dateModified\":\"2022-12-19T14:14:08+00:00\",\"description\":\"Nonostante il covid e la guerra il made in Italy ha preso nuove quote di mercato. Astra Vernici nella top 120 secondo il Sole24Ore nelle migliori aziende export italiane\",\"breadcrumb\":{\"@id\":\"https:\/\/www.astravernici.it\/it\/astra-vernici-campione-dellexport-2022-secondo-il-sole-24-ore\/#breadcrumb\"},\"inLanguage\":\"it-IT\",\"potentialAction\":[{\"@type\":\"ReadAction\",\"target\":[\"https:\/\/www.astravernici.it\/it\/astra-vernici-campione-dellexport-2022-secondo-il-sole-24-ore\/\"]}]},{\"@type\":\"BreadcrumbList\",\"@id\":\"https:\/\/www.astravernici.it\/it\/astra-vernici-campione-dellexport-2022-secondo-il-sole-24-ore\/#breadcrumb\",\"itemListElement\":[{\"@type\":\"ListItem\",\"position\":1,\"name\":\"Home\",\"item\":\"https:\/\/www.astravernici.it\/it\/\"},{\"@type\":\"ListItem\",\"position\":2,\"name\":\"Astra Vernici Campione dell&#8217;Export 2022 secondo Il Sole 24 Ore\"}]},{\"@type\":\"Article\",\"@id\":\"https:\/\/www.astravernici.it\/it\/astra-vernici-campione-dellexport-2022-secondo-il-sole-24-ore\/#article\",\"isPartOf\":{\"@id\":\"https:\/\/www.astravernici.it\/it\/astra-vernici-campione-dellexport-2022-secondo-il-sole-24-ore\/#webpage\"},\"author\":{\"@id\":\"https:\/\/www.astravernici.it\/it\/#\/schema\/person\/1befcb2d75c5d7461dfe8727e0cc2f25\"},\"headline\":\"Astra Vernici Campione dell&#8217;Export 2022 secondo Il Sole 24 Ore\",\"datePublished\":\"2022-12-15T14:31:51+00:00\",\"dateModified\":\"2022-12-19T14:14:08+00:00\",\"mainEntityOfPage\":{\"@id\":\"https:\/\/www.astravernici.it\/it\/astra-vernici-campione-dellexport-2022-secondo-il-sole-24-ore\/#webpage\"},\"wordCount\":415,\"commentCount\":0,\"publisher\":{\"@id\":\"https:\/\/www.astravernici.it\/it\/#organization\"},\"image\":{\"@id\":\"https:\/\/www.astravernici.it\/it\/astra-vernici-campione-dellexport-2022-secondo-il-sole-24-ore\/#primaryimage\"},\"thumbnailUrl\":\"https:\/\/www.astravernici.it\/wp-content\/uploads\/2022\/12\/campioni-export-leader.png\",\"articleSection\":[\"News e Approfondimenti\"],\"inLanguage\":\"it-IT\",\"potentialAction\":[{\"@type\":\"CommentAction\",\"name\":\"Comment\",\"target\":[\"https:\/\/www.astravernici.it\/it\/astra-vernici-campione-dellexport-2022-secondo-il-sole-24-ore\/#respond\"]}]},{\"@type\":\"Person\",\"@id\":\"https:\/\/www.astravernici.it\/it\/#\/schema\/person\/1befcb2d75c5d7461dfe8727e0cc2f25\",\"name\":\"admin\",\"image\":{\"@type\":\"ImageObject\",\"@id\":\"https:\/\/www.astravernici.it\/it\/#personlogo\",\"inLanguage\":\"it-IT\",\"url\":\"https:\/\/secure.gravatar.com\/avatar\/62cf4c4e335d983185d7d49781248579?s=96&d=mm&r=g\",\"contentUrl\":\"https:\/\/secure.gravatar.com\/avatar\/62cf4c4e335d983185d7d49781248579?s=96&d=mm&r=g\",\"caption\":\"admin\"}}]}<\/script>\n<!-- \/ Yoast SEO Premium plugin. -->","yoast_head_json":{"title":"Campioni dell\u2019export 2022 AstraVernici nelle migliori aziende export italiane","description":"Nonostante il covid e la guerra il made in Italy ha preso nuove quote di mercato. Astra Vernici nella top 120 secondo il Sole24Ore nelle migliori aziende export italiane","robots":{"index":"index","follow":"follow","max-snippet":"max-snippet:-1","max-image-preview":"max-image-preview:large","max-video-preview":"max-video-preview:-1"},"canonical":"https:\/\/www.astravernici.it\/it\/astra-vernici-campione-dellexport-2022-secondo-il-sole-24-ore\/","og_locale":"it_IT","og_type":"article","og_title":"Campioni dell\u2019export 2022 AstraVernici nelle migliori aziende export italiane","og_description":"Nonostante il covid e la guerra il made in Italy ha preso nuove quote di mercato. Astra Vernici nella top 120 secondo il Sole24Ore nelle migliori aziende export italiane","og_url":"https:\/\/www.astravernici.it\/it\/astra-vernici-campione-dellexport-2022-secondo-il-sole-24-ore\/","og_site_name":"Astra Vernici","article_published_time":"2022-12-15T14:31:51+00:00","article_modified_time":"2022-12-19T14:14:08+00:00","og_image":[{"width":512,"height":337,"url":"https:\/\/www.astravernici.it\/wp-content\/uploads\/2022\/12\/campioni-export-leader.png","type":"image\/png"}],"twitter_card":"summary_large_image","twitter_misc":{"Scritto da":"admin","Tempo di lettura stimato":"2 minuti"},"schema":{"@context":"https:\/\/schema.org","@graph":[{"@type":"Organization","@id":"https:\/\/www.astravernici.it\/it\/#organization","name":"Astra Vernici","url":"https:\/\/www.astravernici.it\/it\/","sameAs":[],"logo":{"@type":"ImageObject","@id":"https:\/\/www.astravernici.it\/it\/#logo","inLanguage":"it-IT","url":"https:\/\/www.astravernici.it\/wp-content\/uploads\/2025\/10\/Logo-_Astra_750x492.svg","contentUrl":"https:\/\/www.astravernici.it\/wp-content\/uploads\/2025\/10\/Logo-_Astra_750x492.svg","caption":"Astra Vernici"},"image":{"@id":"https:\/\/www.astravernici.it\/it\/#logo"}},{"@type":"WebSite","@id":"https:\/\/www.astravernici.it\/it\/#website","url":"https:\/\/www.astravernici.it\/it\/","name":"Astra Vernici","description":"Your Coating Partner","publisher":{"@id":"https:\/\/www.astravernici.it\/it\/#organization"},"potentialAction":[{"@type":"SearchAction","target":{"@type":"EntryPoint","urlTemplate":"https:\/\/www.astravernici.it\/it\/?s={search_term_string}"},"query-input":"required name=search_term_string"}],"inLanguage":"it-IT"},{"@type":"ImageObject","@id":"https:\/\/www.astravernici.it\/it\/astra-vernici-campione-dellexport-2022-secondo-il-sole-24-ore\/#primaryimage","inLanguage":"it-IT","url":"https:\/\/www.astravernici.it\/wp-content\/uploads\/2022\/12\/campioni-export-leader.png","contentUrl":"https:\/\/www.astravernici.it\/wp-content\/uploads\/2022\/12\/campioni-export-leader.png","width":512,"height":337},{"@type":"WebPage","@id":"https:\/\/www.astravernici.it\/it\/astra-vernici-campione-dellexport-2022-secondo-il-sole-24-ore\/#webpage","url":"https:\/\/www.astravernici.it\/it\/astra-vernici-campione-dellexport-2022-secondo-il-sole-24-ore\/","name":"Campioni dell\u2019export 2022 AstraVernici nelle migliori aziende export italiane","isPartOf":{"@id":"https:\/\/www.astravernici.it\/it\/#website"},"primaryImageOfPage":{"@id":"https:\/\/www.astravernici.it\/it\/astra-vernici-campione-dellexport-2022-secondo-il-sole-24-ore\/#primaryimage"},"datePublished":"2022-12-15T14:31:51+00:00","dateModified":"2022-12-19T14:14:08+00:00","description":"Nonostante il covid e la guerra il made in Italy ha preso nuove quote di mercato. Astra Vernici nella top 120 secondo il Sole24Ore nelle migliori aziende export italiane","breadcrumb":{"@id":"https:\/\/www.astravernici.it\/it\/astra-vernici-campione-dellexport-2022-secondo-il-sole-24-ore\/#breadcrumb"},"inLanguage":"it-IT","potentialAction":[{"@type":"ReadAction","target":["https:\/\/www.astravernici.it\/it\/astra-vernici-campione-dellexport-2022-secondo-il-sole-24-ore\/"]}]},{"@type":"BreadcrumbList","@id":"https:\/\/www.astravernici.it\/it\/astra-vernici-campione-dellexport-2022-secondo-il-sole-24-ore\/#breadcrumb","itemListElement":[{"@type":"ListItem","position":1,"name":"Home","item":"https:\/\/www.astravernici.it\/it\/"},{"@type":"ListItem","position":2,"name":"Astra Vernici Campione dell&#8217;Export 2022 secondo Il Sole 24 Ore"}]},{"@type":"Article","@id":"https:\/\/www.astravernici.it\/it\/astra-vernici-campione-dellexport-2022-secondo-il-sole-24-ore\/#article","isPartOf":{"@id":"https:\/\/www.astravernici.it\/it\/astra-vernici-campione-dellexport-2022-secondo-il-sole-24-ore\/#webpage"},"author":{"@id":"https:\/\/www.astravernici.it\/it\/#\/schema\/person\/1befcb2d75c5d7461dfe8727e0cc2f25"},"headline":"Astra Vernici Campione dell&#8217;Export 2022 secondo Il Sole 24 Ore","datePublished":"2022-12-15T14:31:51+00:00","dateModified":"2022-12-19T14:14:08+00:00","mainEntityOfPage":{"@id":"https:\/\/www.astravernici.it\/it\/astra-vernici-campione-dellexport-2022-secondo-il-sole-24-ore\/#webpage"},"wordCount":415,"commentCount":0,"publisher":{"@id":"https:\/\/www.astravernici.it\/it\/#organization"},"image":{"@id":"https:\/\/www.astravernici.it\/it\/astra-vernici-campione-dellexport-2022-secondo-il-sole-24-ore\/#primaryimage"},"thumbnailUrl":"https:\/\/www.astravernici.it\/wp-content\/uploads\/2022\/12\/campioni-export-leader.png","articleSection":["News e Approfondimenti"],"inLanguage":"it-IT","potentialAction":[{"@type":"CommentAction","name":"Comment","target":["https:\/\/www.astravernici.it\/it\/astra-vernici-campione-dellexport-2022-secondo-il-sole-24-ore\/#respond"]}]},{"@type":"Person","@id":"https:\/\/www.astravernici.it\/it\/#\/schema\/person\/1befcb2d75c5d7461dfe8727e0cc2f25","name":"admin","image":{"@type":"ImageObject","@id":"https:\/\/www.astravernici.it\/it\/#personlogo","inLanguage":"it-IT","url":"https:\/\/secure.gravatar.com\/avatar\/62cf4c4e335d983185d7d49781248579?s=96&d=mm&r=g","contentUrl":"https:\/\/secure.gravatar.com\/avatar\/62cf4c4e335d983185d7d49781248579?s=96&d=mm&r=g","caption":"admin"}}]}},"_links":{"self":[{"href":"https:\/\/www.astravernici.it\/it\/wp-json\/wp\/v2\/posts\/34850"}],"collection":[{"href":"https:\/\/www.astravernici.it\/it\/wp-json\/wp\/v2\/posts"}],"about":[{"href":"https:\/\/www.astravernici.it\/it\/wp-json\/wp\/v2\/types\/post"}],"author":[{"embeddable":true,"href":"https:\/\/www.astravernici.it\/it\/wp-json\/wp\/v2\/users\/1"}],"replies":[{"embeddable":true,"href":"https:\/\/www.astravernici.it\/it\/wp-json\/wp\/v2\/comments?post=34850"}],"version-history":[{"count":14,"href":"https:\/\/www.astravernici.it\/it\/wp-json\/wp\/v2\/posts\/34850\/revisions"}],"predecessor-version":[{"id":34869,"href":"https:\/\/www.astravernici.it\/it\/wp-json\/wp\/v2\/posts\/34850\/revisions\/34869"}],"wp:featuredmedia":[{"embeddable":true,"href":"https:\/\/www.astravernici.it\/it\/wp-json\/wp\/v2\/media\/34875"}],"wp:attachment":[{"href":"https:\/\/www.astravernici.it\/it\/wp-json\/wp\/v2\/media?parent=34850"}],"wp:term":[{"taxonomy":"category","embeddable":true,"href":"https:\/\/www.astravernici.it\/it\/wp-json\/wp\/v2\/categories?post=34850"},{"taxonomy":"post_tag","embeddable":true,"href":"https:\/\/www.astravernici.it\/it\/wp-json\/wp\/v2\/tags?post=34850"}],"curies":[{"name":"wp","href":"https:\/\/api.w.org\/{rel}","templated":true}]}}