{"id":34665,"date":"2022-12-05T10:26:03","date_gmt":"2022-12-05T09:26:03","guid":{"rendered":"https:\/\/www.astravernici.it\/?p=34665"},"modified":"2022-12-05T11:49:57","modified_gmt":"2022-12-05T10:49:57","slug":"il-colore-dellanno-2023-e-viva-magenta-pantone-presenta-il-magentaverse","status":"publish","type":"post","link":"https:\/\/www.astravernici.it\/it\/il-colore-dellanno-2023-e-viva-magenta-pantone-presenta-il-magentaverse\/","title":{"rendered":"Colore dell&#8217;anno 2023 \u00e8 \u00abViva Magenta\u00bb, Pantone presenta il Magentaverse"},"content":{"rendered":"<p>[vc_row][vc_column][vc_row_inner css=&#8221;.vc_custom_1670232156284{padding-top: 50px !important;}&#8221;][vc_column_inner width=&#8221;2\/3&#8243;][vc_column_text]<\/p>\n<h1 style=\"font-size: 16px; line-height: 35px;\"><strong>Colore dell&#8217;anno 2023 secondo Pantone \u00e8 il 18-1750 Viva Magenta: \u00abproietta dinamismo\u00bb e promuove gioia e ottimismo\u00bb<\/strong><\/h1>\n<p>[\/vc_column_text][vc_column_text]Il colore dell&#8217;anno 2023 influenzer\u00e0 la moda, l&#8217;arte, il design, il cinema, la tecnologia e la bellezza per i prossimi dodici mesi. Ne avevamo discusso mesi fa, <a href=\"https:\/\/www.astravernici.it\/it\/ecco-i-colori-del-2022-2023\/\">lanciando quelli che secondo noi di Astra Vernici<\/a> potevano essere i candidati (e che tra l&#8217;altro continuano ad andare a ruba come richieste).<\/p>\n<p>L\u2019azienda americana ha scelto, con sorpresa di tutti, una tonalit\u00e0 magenta come <strong>colore dell&#8217;anno 2023<\/strong>: si chiama <a href=\"https:\/\/www.pantone.com\/articles\/color-of-the-year\/what-is-viva-magenta\">Viva Magenta 18-1750.<\/a><\/p>\n<p>Viene descritto come \u00abun rosso non convenzionale per un tempo non convenzionale\u00bb. Il Viva Magenta 18-1750 di Pantone \u00e8 una \u00abtonalit\u00e0 di rosso cremisi sfumata che presenta un equilibrio tra caldo e freddo\u00bb.<br \/>\n\u00ab\u00c8 deciso ma non aggressivo: lo definiamo un pugno in un guanto di velluto\u00bb, ha dichiarato Laurie Pressman, vicepresidente del Pantone Color Institute.<\/p>\n<p>Secondo l\u2019azienda, il colore scelto per il 2023 \u00abproietta dinamismo\u00bb e la sua \u00abesuberanza\u00bb promuove gioia e ottimismo. Almeno questo \u00e8 il colore scelto da Pantone, sul piano teorico, vedremo poi nel corso dell&#8217;anno se sar\u00e0 popolare e rispetter\u00e0 le aspettative.<\/p>\n<p>Noi di Astra Vernici abbiamo numerose possibilit\u00e0 di scelta in termini di colore e tonalit\u00e0, oltre a disporre di <a href=\"https:\/\/www.astravernici.it\/it\/prodotti\/\">software colorimetrici<\/a> per la riproduzione e generazioni di colori.<br \/>\nSiamo a completa disposizione per ricercare il colore preferito dal cliente e ottenere il miglior risultato senza fare scelte sbagliate.[\/vc_column_text][\/vc_column_inner][vc_column_inner width=&#8221;1\/3&#8243;][vc_empty_space][vc_single_image image=&#8221;34824&#8243; img_size=&#8221;187&#215;275&#8243; css=&#8221;.vc_custom_1670232355959{border-radius: 1px !important;}&#8221;][vc_empty_space][\/vc_column_inner][\/vc_row_inner][vc_row_inner css=&#8221;.vc_custom_1670233818871{padding-top: 10px !important;}&#8221;][vc_column_inner width=&#8221;2\/3&#8243;][vc_column_text]<strong>Marco Melosu<\/strong><\/p>\n<p>Filmmaker, Designer[\/vc_column_text][\/vc_column_inner][vc_column_inner width=&#8221;1\/3&#8243;][\/vc_column_inner][\/vc_row_inner][\/vc_column][\/vc_row]<\/p>\n","protected":false},"excerpt":{"rendered":"<p>Colore dell\u2019anno 2023 secondo Pantone \u00e8 il 18-1750 Viva Magenta: \u00abproietta dinamismo\u00bb e promuove gioia e ottimismo\u00bb&#8230;<\/p>\n","protected":false},"author":1,"featured_media":34822,"comment_status":"open","ping_status":"open","sticky":false,"template":"","format":"standard","meta":{"_mi_skip_tracking":false,"_monsterinsights_sitenote_active":false,"_monsterinsights_sitenote_note":"","_monsterinsights_sitenote_category":0},"categories":[518],"tags":[],"yoast_head":"<!-- This site is optimized with the Yoast SEO Premium plugin v16.0.3 (Yoast SEO v17.6) - https:\/\/yoast.com\/wordpress\/plugins\/seo\/ -->\n<title>Colore dell&#039;anno 2023 \u00e8 \u00abViva Magenta\u00bb, Pantone featuring Astra Vernici<\/title>\n<meta name=\"description\" content=\"Colore dell&#039;anno 2023, da molti atteso con ansia \u00e8 Pantone 18-1750 Viva Magenta: un colore che proietta dinamismo e promuove gioia e ottimismo\" \/>\n<meta name=\"robots\" content=\"index, follow, max-snippet:-1, max-image-preview:large, max-video-preview:-1\" \/>\n<link rel=\"canonical\" href=\"https:\/\/www.astravernici.it\/it\/il-colore-dellanno-2023-e-viva-magenta-pantone-presenta-il-magentaverse\/\" \/>\n<meta property=\"og:locale\" content=\"it_IT\" \/>\n<meta property=\"og:type\" content=\"article\" \/>\n<meta property=\"og:title\" content=\"Colore dell&#039;anno 2023 \u00e8 \u00abViva Magenta\u00bb, Pantone featuring Astra Vernici\" \/>\n<meta property=\"og:description\" content=\"Colore dell&#039;anno 2023, da molti atteso con ansia \u00e8 Pantone 18-1750 Viva Magenta: un colore che proietta dinamismo e promuove gioia e ottimismo\" \/>\n<meta property=\"og:url\" content=\"https:\/\/www.astravernici.it\/it\/il-colore-dellanno-2023-e-viva-magenta-pantone-presenta-il-magentaverse\/\" \/>\n<meta property=\"og:site_name\" content=\"Astra Vernici\" \/>\n<meta property=\"article:published_time\" content=\"2022-12-05T09:26:03+00:00\" \/>\n<meta property=\"article:modified_time\" content=\"2022-12-05T10:49:57+00:00\" \/>\n<meta property=\"og:image\" content=\"https:\/\/www.astravernici.it\/wp-content\/uploads\/2022\/12\/viva-magenta.jpeg\" \/>\n\t<meta property=\"og:image:width\" content=\"719\" \/>\n\t<meta property=\"og:image:height\" content=\"545\" \/>\n<meta name=\"twitter:card\" content=\"summary_large_image\" \/>\n<meta name=\"twitter:label1\" content=\"Scritto da\" \/>\n\t<meta name=\"twitter:data1\" content=\"admin\" \/>\n\t<meta name=\"twitter:label2\" content=\"Tempo di lettura stimato\" \/>\n\t<meta name=\"twitter:data2\" content=\"2 minuti\" \/>\n<script type=\"application\/ld+json\" class=\"yoast-schema-graph\">{\"@context\":\"https:\/\/schema.org\",\"@graph\":[{\"@type\":\"Organization\",\"@id\":\"https:\/\/www.astravernici.it\/it\/#organization\",\"name\":\"Astra Vernici\",\"url\":\"https:\/\/www.astravernici.it\/it\/\",\"sameAs\":[],\"logo\":{\"@type\":\"ImageObject\",\"@id\":\"https:\/\/www.astravernici.it\/it\/#logo\",\"inLanguage\":\"it-IT\",\"url\":\"https:\/\/www.astravernici.it\/wp-content\/uploads\/2025\/10\/Logo-_Astra_750x492.svg\",\"contentUrl\":\"https:\/\/www.astravernici.it\/wp-content\/uploads\/2025\/10\/Logo-_Astra_750x492.svg\",\"caption\":\"Astra Vernici\"},\"image\":{\"@id\":\"https:\/\/www.astravernici.it\/it\/#logo\"}},{\"@type\":\"WebSite\",\"@id\":\"https:\/\/www.astravernici.it\/it\/#website\",\"url\":\"https:\/\/www.astravernici.it\/it\/\",\"name\":\"Astra Vernici\",\"description\":\"Your Coating Partner\",\"publisher\":{\"@id\":\"https:\/\/www.astravernici.it\/it\/#organization\"},\"potentialAction\":[{\"@type\":\"SearchAction\",\"target\":{\"@type\":\"EntryPoint\",\"urlTemplate\":\"https:\/\/www.astravernici.it\/it\/?s={search_term_string}\"},\"query-input\":\"required name=search_term_string\"}],\"inLanguage\":\"it-IT\"},{\"@type\":\"ImageObject\",\"@id\":\"https:\/\/www.astravernici.it\/it\/il-colore-dellanno-2023-e-viva-magenta-pantone-presenta-il-magentaverse\/#primaryimage\",\"inLanguage\":\"it-IT\",\"url\":\"https:\/\/www.astravernici.it\/wp-content\/uploads\/2022\/12\/viva-magenta.jpeg\",\"contentUrl\":\"https:\/\/www.astravernici.it\/wp-content\/uploads\/2022\/12\/viva-magenta.jpeg\",\"width\":719,\"height\":545,\"caption\":\"colore dell'anno 2023\"},{\"@type\":\"WebPage\",\"@id\":\"https:\/\/www.astravernici.it\/it\/il-colore-dellanno-2023-e-viva-magenta-pantone-presenta-il-magentaverse\/#webpage\",\"url\":\"https:\/\/www.astravernici.it\/it\/il-colore-dellanno-2023-e-viva-magenta-pantone-presenta-il-magentaverse\/\",\"name\":\"Colore dell'anno 2023 \\u00e8 \\u00abViva Magenta\\u00bb, Pantone featuring Astra Vernici\",\"isPartOf\":{\"@id\":\"https:\/\/www.astravernici.it\/it\/#website\"},\"primaryImageOfPage\":{\"@id\":\"https:\/\/www.astravernici.it\/it\/il-colore-dellanno-2023-e-viva-magenta-pantone-presenta-il-magentaverse\/#primaryimage\"},\"datePublished\":\"2022-12-05T09:26:03+00:00\",\"dateModified\":\"2022-12-05T10:49:57+00:00\",\"description\":\"Colore dell'anno 2023, da molti atteso con ansia \\u00e8 Pantone 18-1750 Viva Magenta: un colore che proietta dinamismo e promuove gioia e ottimismo\",\"breadcrumb\":{\"@id\":\"https:\/\/www.astravernici.it\/it\/il-colore-dellanno-2023-e-viva-magenta-pantone-presenta-il-magentaverse\/#breadcrumb\"},\"inLanguage\":\"it-IT\",\"potentialAction\":[{\"@type\":\"ReadAction\",\"target\":[\"https:\/\/www.astravernici.it\/it\/il-colore-dellanno-2023-e-viva-magenta-pantone-presenta-il-magentaverse\/\"]}]},{\"@type\":\"BreadcrumbList\",\"@id\":\"https:\/\/www.astravernici.it\/it\/il-colore-dellanno-2023-e-viva-magenta-pantone-presenta-il-magentaverse\/#breadcrumb\",\"itemListElement\":[{\"@type\":\"ListItem\",\"position\":1,\"name\":\"Home\",\"item\":\"https:\/\/www.astravernici.it\/it\/\"},{\"@type\":\"ListItem\",\"position\":2,\"name\":\"Colore dell&#8217;anno 2023 \\u00e8 \\u00abViva Magenta\\u00bb, Pantone presenta il Magentaverse\"}]},{\"@type\":\"Article\",\"@id\":\"https:\/\/www.astravernici.it\/it\/il-colore-dellanno-2023-e-viva-magenta-pantone-presenta-il-magentaverse\/#article\",\"isPartOf\":{\"@id\":\"https:\/\/www.astravernici.it\/it\/il-colore-dellanno-2023-e-viva-magenta-pantone-presenta-il-magentaverse\/#webpage\"},\"author\":{\"@id\":\"https:\/\/www.astravernici.it\/it\/#\/schema\/person\/1befcb2d75c5d7461dfe8727e0cc2f25\"},\"headline\":\"Colore dell&#8217;anno 2023 \\u00e8 \\u00abViva Magenta\\u00bb, Pantone presenta il Magentaverse\",\"datePublished\":\"2022-12-05T09:26:03+00:00\",\"dateModified\":\"2022-12-05T10:49:57+00:00\",\"mainEntityOfPage\":{\"@id\":\"https:\/\/www.astravernici.it\/it\/il-colore-dellanno-2023-e-viva-magenta-pantone-presenta-il-magentaverse\/#webpage\"},\"wordCount\":335,\"commentCount\":0,\"publisher\":{\"@id\":\"https:\/\/www.astravernici.it\/it\/#organization\"},\"image\":{\"@id\":\"https:\/\/www.astravernici.it\/it\/il-colore-dellanno-2023-e-viva-magenta-pantone-presenta-il-magentaverse\/#primaryimage\"},\"thumbnailUrl\":\"https:\/\/www.astravernici.it\/wp-content\/uploads\/2022\/12\/viva-magenta.jpeg\",\"articleSection\":[\"News e Approfondimenti\"],\"inLanguage\":\"it-IT\",\"potentialAction\":[{\"@type\":\"CommentAction\",\"name\":\"Comment\",\"target\":[\"https:\/\/www.astravernici.it\/it\/il-colore-dellanno-2023-e-viva-magenta-pantone-presenta-il-magentaverse\/#respond\"]}]},{\"@type\":\"Person\",\"@id\":\"https:\/\/www.astravernici.it\/it\/#\/schema\/person\/1befcb2d75c5d7461dfe8727e0cc2f25\",\"name\":\"admin\",\"image\":{\"@type\":\"ImageObject\",\"@id\":\"https:\/\/www.astravernici.it\/it\/#personlogo\",\"inLanguage\":\"it-IT\",\"url\":\"https:\/\/secure.gravatar.com\/avatar\/62cf4c4e335d983185d7d49781248579?s=96&d=mm&r=g\",\"contentUrl\":\"https:\/\/secure.gravatar.com\/avatar\/62cf4c4e335d983185d7d49781248579?s=96&d=mm&r=g\",\"caption\":\"admin\"}}]}<\/script>\n<!-- \/ Yoast SEO Premium plugin. -->","yoast_head_json":{"title":"Colore dell'anno 2023 \u00e8 \u00abViva Magenta\u00bb, Pantone featuring Astra Vernici","description":"Colore dell'anno 2023, da molti atteso con ansia \u00e8 Pantone 18-1750 Viva Magenta: un colore che proietta dinamismo e promuove gioia e ottimismo","robots":{"index":"index","follow":"follow","max-snippet":"max-snippet:-1","max-image-preview":"max-image-preview:large","max-video-preview":"max-video-preview:-1"},"canonical":"https:\/\/www.astravernici.it\/it\/il-colore-dellanno-2023-e-viva-magenta-pantone-presenta-il-magentaverse\/","og_locale":"it_IT","og_type":"article","og_title":"Colore dell'anno 2023 \u00e8 \u00abViva Magenta\u00bb, Pantone featuring Astra Vernici","og_description":"Colore dell'anno 2023, da molti atteso con ansia \u00e8 Pantone 18-1750 Viva Magenta: un colore che proietta dinamismo e promuove gioia e ottimismo","og_url":"https:\/\/www.astravernici.it\/it\/il-colore-dellanno-2023-e-viva-magenta-pantone-presenta-il-magentaverse\/","og_site_name":"Astra Vernici","article_published_time":"2022-12-05T09:26:03+00:00","article_modified_time":"2022-12-05T10:49:57+00:00","og_image":[{"width":719,"height":545,"url":"https:\/\/www.astravernici.it\/wp-content\/uploads\/2022\/12\/viva-magenta.jpeg","type":"image\/jpeg"}],"twitter_card":"summary_large_image","twitter_misc":{"Scritto da":"admin","Tempo di lettura stimato":"2 minuti"},"schema":{"@context":"https:\/\/schema.org","@graph":[{"@type":"Organization","@id":"https:\/\/www.astravernici.it\/it\/#organization","name":"Astra Vernici","url":"https:\/\/www.astravernici.it\/it\/","sameAs":[],"logo":{"@type":"ImageObject","@id":"https:\/\/www.astravernici.it\/it\/#logo","inLanguage":"it-IT","url":"https:\/\/www.astravernici.it\/wp-content\/uploads\/2025\/10\/Logo-_Astra_750x492.svg","contentUrl":"https:\/\/www.astravernici.it\/wp-content\/uploads\/2025\/10\/Logo-_Astra_750x492.svg","caption":"Astra Vernici"},"image":{"@id":"https:\/\/www.astravernici.it\/it\/#logo"}},{"@type":"WebSite","@id":"https:\/\/www.astravernici.it\/it\/#website","url":"https:\/\/www.astravernici.it\/it\/","name":"Astra Vernici","description":"Your Coating Partner","publisher":{"@id":"https:\/\/www.astravernici.it\/it\/#organization"},"potentialAction":[{"@type":"SearchAction","target":{"@type":"EntryPoint","urlTemplate":"https:\/\/www.astravernici.it\/it\/?s={search_term_string}"},"query-input":"required name=search_term_string"}],"inLanguage":"it-IT"},{"@type":"ImageObject","@id":"https:\/\/www.astravernici.it\/it\/il-colore-dellanno-2023-e-viva-magenta-pantone-presenta-il-magentaverse\/#primaryimage","inLanguage":"it-IT","url":"https:\/\/www.astravernici.it\/wp-content\/uploads\/2022\/12\/viva-magenta.jpeg","contentUrl":"https:\/\/www.astravernici.it\/wp-content\/uploads\/2022\/12\/viva-magenta.jpeg","width":719,"height":545,"caption":"colore dell'anno 2023"},{"@type":"WebPage","@id":"https:\/\/www.astravernici.it\/it\/il-colore-dellanno-2023-e-viva-magenta-pantone-presenta-il-magentaverse\/#webpage","url":"https:\/\/www.astravernici.it\/it\/il-colore-dellanno-2023-e-viva-magenta-pantone-presenta-il-magentaverse\/","name":"Colore dell'anno 2023 \u00e8 \u00abViva Magenta\u00bb, Pantone featuring Astra Vernici","isPartOf":{"@id":"https:\/\/www.astravernici.it\/it\/#website"},"primaryImageOfPage":{"@id":"https:\/\/www.astravernici.it\/it\/il-colore-dellanno-2023-e-viva-magenta-pantone-presenta-il-magentaverse\/#primaryimage"},"datePublished":"2022-12-05T09:26:03+00:00","dateModified":"2022-12-05T10:49:57+00:00","description":"Colore dell'anno 2023, da molti atteso con ansia \u00e8 Pantone 18-1750 Viva Magenta: un colore che proietta dinamismo e promuove gioia e ottimismo","breadcrumb":{"@id":"https:\/\/www.astravernici.it\/it\/il-colore-dellanno-2023-e-viva-magenta-pantone-presenta-il-magentaverse\/#breadcrumb"},"inLanguage":"it-IT","potentialAction":[{"@type":"ReadAction","target":["https:\/\/www.astravernici.it\/it\/il-colore-dellanno-2023-e-viva-magenta-pantone-presenta-il-magentaverse\/"]}]},{"@type":"BreadcrumbList","@id":"https:\/\/www.astravernici.it\/it\/il-colore-dellanno-2023-e-viva-magenta-pantone-presenta-il-magentaverse\/#breadcrumb","itemListElement":[{"@type":"ListItem","position":1,"name":"Home","item":"https:\/\/www.astravernici.it\/it\/"},{"@type":"ListItem","position":2,"name":"Colore dell&#8217;anno 2023 \u00e8 \u00abViva Magenta\u00bb, Pantone presenta il Magentaverse"}]},{"@type":"Article","@id":"https:\/\/www.astravernici.it\/it\/il-colore-dellanno-2023-e-viva-magenta-pantone-presenta-il-magentaverse\/#article","isPartOf":{"@id":"https:\/\/www.astravernici.it\/it\/il-colore-dellanno-2023-e-viva-magenta-pantone-presenta-il-magentaverse\/#webpage"},"author":{"@id":"https:\/\/www.astravernici.it\/it\/#\/schema\/person\/1befcb2d75c5d7461dfe8727e0cc2f25"},"headline":"Colore dell&#8217;anno 2023 \u00e8 \u00abViva Magenta\u00bb, Pantone presenta il Magentaverse","datePublished":"2022-12-05T09:26:03+00:00","dateModified":"2022-12-05T10:49:57+00:00","mainEntityOfPage":{"@id":"https:\/\/www.astravernici.it\/it\/il-colore-dellanno-2023-e-viva-magenta-pantone-presenta-il-magentaverse\/#webpage"},"wordCount":335,"commentCount":0,"publisher":{"@id":"https:\/\/www.astravernici.it\/it\/#organization"},"image":{"@id":"https:\/\/www.astravernici.it\/it\/il-colore-dellanno-2023-e-viva-magenta-pantone-presenta-il-magentaverse\/#primaryimage"},"thumbnailUrl":"https:\/\/www.astravernici.it\/wp-content\/uploads\/2022\/12\/viva-magenta.jpeg","articleSection":["News e Approfondimenti"],"inLanguage":"it-IT","potentialAction":[{"@type":"CommentAction","name":"Comment","target":["https:\/\/www.astravernici.it\/it\/il-colore-dellanno-2023-e-viva-magenta-pantone-presenta-il-magentaverse\/#respond"]}]},{"@type":"Person","@id":"https:\/\/www.astravernici.it\/it\/#\/schema\/person\/1befcb2d75c5d7461dfe8727e0cc2f25","name":"admin","image":{"@type":"ImageObject","@id":"https:\/\/www.astravernici.it\/it\/#personlogo","inLanguage":"it-IT","url":"https:\/\/secure.gravatar.com\/avatar\/62cf4c4e335d983185d7d49781248579?s=96&d=mm&r=g","contentUrl":"https:\/\/secure.gravatar.com\/avatar\/62cf4c4e335d983185d7d49781248579?s=96&d=mm&r=g","caption":"admin"}}]}},"_links":{"self":[{"href":"https:\/\/www.astravernici.it\/it\/wp-json\/wp\/v2\/posts\/34665"}],"collection":[{"href":"https:\/\/www.astravernici.it\/it\/wp-json\/wp\/v2\/posts"}],"about":[{"href":"https:\/\/www.astravernici.it\/it\/wp-json\/wp\/v2\/types\/post"}],"author":[{"embeddable":true,"href":"https:\/\/www.astravernici.it\/it\/wp-json\/wp\/v2\/users\/1"}],"replies":[{"embeddable":true,"href":"https:\/\/www.astravernici.it\/it\/wp-json\/wp\/v2\/comments?post=34665"}],"version-history":[{"count":16,"href":"https:\/\/www.astravernici.it\/it\/wp-json\/wp\/v2\/posts\/34665\/revisions"}],"predecessor-version":[{"id":34842,"href":"https:\/\/www.astravernici.it\/it\/wp-json\/wp\/v2\/posts\/34665\/revisions\/34842"}],"wp:featuredmedia":[{"embeddable":true,"href":"https:\/\/www.astravernici.it\/it\/wp-json\/wp\/v2\/media\/34822"}],"wp:attachment":[{"href":"https:\/\/www.astravernici.it\/it\/wp-json\/wp\/v2\/media?parent=34665"}],"wp:term":[{"taxonomy":"category","embeddable":true,"href":"https:\/\/www.astravernici.it\/it\/wp-json\/wp\/v2\/categories?post=34665"},{"taxonomy":"post_tag","embeddable":true,"href":"https:\/\/www.astravernici.it\/it\/wp-json\/wp\/v2\/tags?post=34665"}],"curies":[{"name":"wp","href":"https:\/\/api.w.org\/{rel}","templated":true}]}}