{"id":34491,"date":"2022-05-19T11:59:40","date_gmt":"2022-05-19T09:59:40","guid":{"rendered":"https:\/\/www.astravernici.it\/?p=34491"},"modified":"2023-02-24T16:52:18","modified_gmt":"2023-02-24T15:52:18","slug":"come-la-guerra-in-ucraina-sta-cambiando-il-made-in-italy-del-legno","status":"publish","type":"post","link":"https:\/\/www.astravernici.it\/it\/come-la-guerra-in-ucraina-sta-cambiando-il-made-in-italy-del-legno\/","title":{"rendered":"Come la guerra in Ucraina sta cambiando il made in italy del legno"},"content":{"rendered":"<p>[vc_row][vc_column][vc_empty_space height=&#8221;52px&#8221;][vc_column_text]<\/p>\n<h1 style=\"font-size: 25px; line-height: 0px; margin-top: 10px;\">Come il conflitto Russo-Ucraino sta cambiando il made in Italy del settore del legno?<\/h1>\n<h5 style=\"font-size: 20px; font-weight: 400;\">Il settore che ha resistito alla pandemia deve oggi affrontare nuove sfide, come l\u2019export in Russia e il rincaro delle materie prime. Bisogna ripensare tutta\u00a0 la filiera legno?<\/h5>\n<p>[\/vc_column_text][vc_empty_space][\/vc_column][\/vc_row][vc_row][vc_column][vc_row_inner equal_height=&#8221;yes&#8221; content_placement=&#8221;middle&#8221;][vc_column_inner width=&#8221;1\/2&#8243;][vc_single_image image=&#8221;35041&#8243; img_size=&#8221;&#8221;][\/vc_column_inner][vc_column_inner width=&#8221;1\/2&#8243;][vc_column_text]Con la guerra in Ucraina, che purtroppo non sembra avere un breve corso, i rischi per l\u2019economia dell\u2019intero <strong>settore del legno per l\u2019Italia<\/strong> sono molto rilevanti.<\/p>\n<p>Con un fatturato di oltre <strong>49 miliardi di euro<\/strong>, aumentato rispetto al periodo pre-covid, anche l\u2019export segna un aumento del 20,6% rispetto al 2020.<\/p>\n<p>Ma i numeri possono trarre in inganno, perch\u00e9 si aprono nuovi scenari per il futuro.<\/p>\n<p>Oggi prevale l\u2019<strong>incertezza<\/strong> sulla crisi in Ucraina, anche perch\u00e9 la <strong>Russia<\/strong> \u00e8 un importante <strong>fornitore<\/strong> della materia prima legno, nonch\u00e9 un importante cliente nel <strong>settore dell\u2019arredo<\/strong>.[\/vc_column_text][\/vc_column_inner][\/vc_row_inner][\/vc_column][\/vc_row][vc_row][vc_column][vc_row_inner equal_height=&#8221;yes&#8221; content_placement=&#8221;middle&#8221;][vc_column_inner width=&#8221;1\/2&#8243;][vc_column_text]<\/p>\n<h3 style=\"font-size: 20px;\">Il ruolo della Russia<\/h3>\n<p>Durante l\u2019estate del 2021 <strong>FederlegnoArredo<\/strong> scrisse alla commissione europea di bloccare l\u2019esportazione di legname europeo per<strong> destinarlo ad uso interno.<\/strong><\/p>\n<p>Ancora la guerra non era iniziata ma gi\u00e0 era in atto un rincaro delle materie prime, tra cui il legname.<\/p>\n<p>La Russia aveva annunciato che dal primo gennaio di quest\u2019anno (2022) avrebbe bloccato l\u2019export del legname russo fuori dai propri confini.<\/p>\n<p>Con la<strong> guerra in Ucraina<\/strong> il problema si \u00e8 ulteriormente aggravato: la Russia si \u00e8 chiusa ancora di pi\u00f9 in un\u2019autarchia patriottica causando un colpo ancora pi\u00f9 forte nei mercati delle materie prime.<\/p>\n<p>In parole povere, pi\u00f9 la Russia <strong>blocca le vendite <\/strong>di legname verso l\u2019estero, pi\u00f9<strong> i prezzi salgono.<\/strong><\/p>\n<p>C\u2019\u00e8 quindi, da un lato, difficolt\u00e0 a reperire la materia prima, mentre dall\u2019altro non si pu\u00f2 pi\u00f9 vendere a tutta una fetta importante di mercato e a potenziali clienti.<\/p>\n<p>\u00abPer noi la Russia \u00e8 un mercato importante, non per la fornitura di legname ma come area di vendita, che ad oggi vale circa il 15% del nostro fatturato\u00bb, spiega Moreno Brambilla, a.d. e presidente di Oniro Group\u00bb.<\/p>\n<p>Non parliamo poi del caro energia, che inevitabilmente si sta gi\u00e0 facendo sentire in maniera pesante.<\/p>\n<p>La situazione \u00e8 quindi molto incerta, la filiera andr\u00e0 ripensata, tenendo conto anche dei nuovi assetti <strong>geopolici<\/strong> che si formeranno.[\/vc_column_text][\/vc_column_inner][vc_column_inner width=&#8221;1\/2&#8243;][vc_single_image image=&#8221;34540&#8243; img_size=&#8221;&#8221;][\/vc_column_inner][\/vc_row_inner][vc_row_inner equal_height=&#8221;yes&#8221; content_placement=&#8221;middle&#8221;][vc_column_inner width=&#8221;1\/2&#8243;][vc_single_image image=&#8221;34536&#8243; img_size=&#8221;&#8221;][\/vc_column_inner][vc_column_inner width=&#8221;1\/2&#8243;][vc_column_text]<\/p>\n<h3 style=\"font-size: 20px;\">Il problema delle materie prime<\/h3>\n<p>I prezzi delle materie prime non sono<strong> mai tornati ai livelli pre-covid<\/strong> e le quotazioni sono raddoppiate rispetto ai valori normali.<\/p>\n<p>Nei primi 11 mesi del 2021, abbiamo importato 9 milioni di legname, per un valore di 4,9 miliardi di euro. Di questo, il 5,3% proviene da Russia (decimo fornitore), dall\u2019 Ucraina e dalla Bielorussia, in crescita del 32,7% rispetto al 2020 (dati Fia)<\/p>\n<p>Come si pu\u00f2 notare, non si tratta di una quota enorme, visto che il nostro principale fornitore \u00e8 l\u2019Austria, con 1,2 miliardi di euro di importazioni, seguita da Germania e Cina: la Russia, infatti, \u00e8 solo il decimo fornitore mentre l\u2019Ucraina il 15esimo.<\/p>\n<p>Tuttavia, il <strong>blocco dell&#8217;export<\/strong> da parte di Mosca e in conflitto in atto stanno provocando un ulteriore squilibrio del mercato, soprattutto nell&#8217;approvvigionamento di tronchi di <strong>betulla<\/strong>, dei quali la Russia \u00e8 il principale produttore mondiale (oltre l\u201980% del mercato): il prezzo \u00e8 ormai pi\u00f9 che raddoppiato.<\/p>\n<p>La <strong>betulla<\/strong> \u00e8 destinata a molti usi <strong>industriali e di logistica<\/strong>, come la pavimentazione, lo sviluppo di utensili, di pannelli e delle parti interne dei mobili e persino di giocattoli. Oltre ad essere un ottimo combustibile.<\/p>\n<p>Si rischia quindi il blocco della produzione per molte aziende, non solo del legno d\u2019arredo.<\/p>\n<p>Situazione paradossale se si pensa che il <strong>potenziale boschivo del nostro paese, coperto da 38% di foreste,<\/strong> non viene minimamente sfruttato, e che quindi il nostro fabbisogno \u00e8 per l\u201980% derivante da import.[\/vc_column_text][vc_empty_space][\/vc_column_inner][\/vc_row_inner][vc_column_text]<\/p>\n<h3 style=\"font-size: 20px;\">Conclusioni<\/h3>\n<p>Questa guerra ha messo a nudo, ancora una volta, le criticit\u00e0 di paesi come l\u2019<strong>Italia<\/strong>, per la loro <strong>dipendenza<\/strong> dalle <strong>materie prime<\/strong> straniere.<\/p>\n<p>D\u2019altro canto, la globalizzazione sta diventando sempre pi\u00f9 necessaria, a livello di opportunit\u00e0 di nuovi mercati e come costi di ricerca e sviluppo (migliore per l\u2019estero), tale per cui \u201cnon possiamo chiuderci a riccio\u201d ma nemmeno \u201cignorare le opportunit\u00e0 che il nostro paese ci pu\u00f2 dare\u201d, come nel caso del patrimonio boschivo che deve diventare una risorsa.<\/p>\n<p>Per quanto riguarda la nostra azienda, <strong>Astra Vernici<\/strong> \u00e8 fiera di avere collaborare con numerosi partner italiani, europei e clienti in tutto il mondo e cerca sempre il modo migliore per crescere sul piano qualitativo e sul piano realizzativo.<\/p>\n<p>Pare ovvio che, per noi, la scelta sia quella di ripensare la filiera, sfruttando al pieno la globalizzazione e diversificando il pi\u00f9 possibile le linee di prodotto, sempre alla ricerca di nuovi mercati.<\/p>\n<p>Perch\u00e9 le <strong>opportunit\u00e0<\/strong>, in giro per il mondo, ci sono ancora e sono tantissime e i<strong> prodotti italiani godono di una forte credibilit\u00e0 e richiesta<\/strong>: a patto di mantenere altissimo il livello di qualit\u00e0 e innovazione. Binomio che in ASTRA VERNICI non \u00e8 mai venuto meno.<\/p>\n<p>[\/vc_column_text][\/vc_column][\/vc_row]<\/p>\n","protected":false},"excerpt":{"rendered":"<p>Le nuove sfide generate dalla guerra russo-ucraina ci obbligano a ripensare l&#8217;intera filiera del legno Made in Italy, iniziando da&#8230;<\/p>\n","protected":false},"author":1,"featured_media":35041,"comment_status":"open","ping_status":"open","sticky":false,"template":"","format":"standard","meta":{"_mi_skip_tracking":false,"_monsterinsights_sitenote_active":false,"_monsterinsights_sitenote_note":"","_monsterinsights_sitenote_category":0},"categories":[518],"tags":[],"yoast_head":"<!-- This site is optimized with the Yoast SEO Premium plugin v16.0.3 (Yoast SEO v17.6) - https:\/\/yoast.com\/wordpress\/plugins\/seo\/ -->\n<title>Come la guerra in Ucraina sta cambiando il made in italy del legno | Astra Vernici<\/title>\n<meta name=\"robots\" content=\"index, follow, max-snippet:-1, max-image-preview:large, max-video-preview:-1\" \/>\n<link rel=\"canonical\" href=\"https:\/\/www.astravernici.it\/it\/come-la-guerra-in-ucraina-sta-cambiando-il-made-in-italy-del-legno\/\" \/>\n<meta property=\"og:locale\" content=\"it_IT\" \/>\n<meta property=\"og:type\" content=\"article\" \/>\n<meta property=\"og:title\" content=\"Come la guerra in Ucraina sta cambiando il made in italy del legno | Astra Vernici\" \/>\n<meta property=\"og:description\" content=\"Le nuove sfide generate dalla guerra russo-ucraina ci obbligano a ripensare l&#039;intera filiera del legno Made in Italy, iniziando da...\" \/>\n<meta property=\"og:url\" content=\"https:\/\/www.astravernici.it\/it\/come-la-guerra-in-ucraina-sta-cambiando-il-made-in-italy-del-legno\/\" \/>\n<meta property=\"og:site_name\" content=\"Astra Vernici\" \/>\n<meta property=\"article:published_time\" content=\"2022-05-19T09:59:40+00:00\" \/>\n<meta property=\"article:modified_time\" content=\"2023-02-24T15:52:18+00:00\" \/>\n<meta property=\"og:image\" content=\"https:\/\/www.astravernici.it\/wp-content\/uploads\/2022\/05\/soldati-ucraina.jpg\" \/>\n\t<meta property=\"og:image:width\" content=\"1920\" \/>\n\t<meta property=\"og:image:height\" content=\"1280\" \/>\n<meta name=\"twitter:card\" content=\"summary_large_image\" \/>\n<meta name=\"twitter:label1\" content=\"Scritto da\" \/>\n\t<meta name=\"twitter:data1\" content=\"admin\" \/>\n\t<meta name=\"twitter:label2\" content=\"Tempo di lettura stimato\" \/>\n\t<meta name=\"twitter:data2\" content=\"4 minuti\" \/>\n<script type=\"application\/ld+json\" class=\"yoast-schema-graph\">{\"@context\":\"https:\/\/schema.org\",\"@graph\":[{\"@type\":\"Organization\",\"@id\":\"https:\/\/www.astravernici.it\/it\/#organization\",\"name\":\"Astra Vernici\",\"url\":\"https:\/\/www.astravernici.it\/it\/\",\"sameAs\":[],\"logo\":{\"@type\":\"ImageObject\",\"@id\":\"https:\/\/www.astravernici.it\/it\/#logo\",\"inLanguage\":\"it-IT\",\"url\":\"https:\/\/www.astravernici.it\/wp-content\/uploads\/2025\/10\/Logo-_Astra_750x492.svg\",\"contentUrl\":\"https:\/\/www.astravernici.it\/wp-content\/uploads\/2025\/10\/Logo-_Astra_750x492.svg\",\"caption\":\"Astra Vernici\"},\"image\":{\"@id\":\"https:\/\/www.astravernici.it\/it\/#logo\"}},{\"@type\":\"WebSite\",\"@id\":\"https:\/\/www.astravernici.it\/it\/#website\",\"url\":\"https:\/\/www.astravernici.it\/it\/\",\"name\":\"Astra Vernici\",\"description\":\"Your Coating Partner\",\"publisher\":{\"@id\":\"https:\/\/www.astravernici.it\/it\/#organization\"},\"potentialAction\":[{\"@type\":\"SearchAction\",\"target\":{\"@type\":\"EntryPoint\",\"urlTemplate\":\"https:\/\/www.astravernici.it\/it\/?s={search_term_string}\"},\"query-input\":\"required name=search_term_string\"}],\"inLanguage\":\"it-IT\"},{\"@type\":\"ImageObject\",\"@id\":\"https:\/\/www.astravernici.it\/it\/come-la-guerra-in-ucraina-sta-cambiando-il-made-in-italy-del-legno\/#primaryimage\",\"inLanguage\":\"it-IT\",\"url\":\"https:\/\/www.astravernici.it\/wp-content\/uploads\/2022\/05\/soldati-ucraina.jpg\",\"contentUrl\":\"https:\/\/www.astravernici.it\/wp-content\/uploads\/2022\/05\/soldati-ucraina.jpg\",\"width\":1920,\"height\":1280},{\"@type\":\"WebPage\",\"@id\":\"https:\/\/www.astravernici.it\/it\/come-la-guerra-in-ucraina-sta-cambiando-il-made-in-italy-del-legno\/#webpage\",\"url\":\"https:\/\/www.astravernici.it\/it\/come-la-guerra-in-ucraina-sta-cambiando-il-made-in-italy-del-legno\/\",\"name\":\"Come la guerra in Ucraina sta cambiando il made in italy del legno | Astra Vernici\",\"isPartOf\":{\"@id\":\"https:\/\/www.astravernici.it\/it\/#website\"},\"primaryImageOfPage\":{\"@id\":\"https:\/\/www.astravernici.it\/it\/come-la-guerra-in-ucraina-sta-cambiando-il-made-in-italy-del-legno\/#primaryimage\"},\"datePublished\":\"2022-05-19T09:59:40+00:00\",\"dateModified\":\"2023-02-24T15:52:18+00:00\",\"breadcrumb\":{\"@id\":\"https:\/\/www.astravernici.it\/it\/come-la-guerra-in-ucraina-sta-cambiando-il-made-in-italy-del-legno\/#breadcrumb\"},\"inLanguage\":\"it-IT\",\"potentialAction\":[{\"@type\":\"ReadAction\",\"target\":[\"https:\/\/www.astravernici.it\/it\/come-la-guerra-in-ucraina-sta-cambiando-il-made-in-italy-del-legno\/\"]}]},{\"@type\":\"BreadcrumbList\",\"@id\":\"https:\/\/www.astravernici.it\/it\/come-la-guerra-in-ucraina-sta-cambiando-il-made-in-italy-del-legno\/#breadcrumb\",\"itemListElement\":[{\"@type\":\"ListItem\",\"position\":1,\"name\":\"Home\",\"item\":\"https:\/\/www.astravernici.it\/it\/\"},{\"@type\":\"ListItem\",\"position\":2,\"name\":\"Come la guerra in Ucraina sta cambiando il made in italy del legno\"}]},{\"@type\":\"Article\",\"@id\":\"https:\/\/www.astravernici.it\/it\/come-la-guerra-in-ucraina-sta-cambiando-il-made-in-italy-del-legno\/#article\",\"isPartOf\":{\"@id\":\"https:\/\/www.astravernici.it\/it\/come-la-guerra-in-ucraina-sta-cambiando-il-made-in-italy-del-legno\/#webpage\"},\"author\":{\"@id\":\"https:\/\/www.astravernici.it\/it\/#\/schema\/person\/1befcb2d75c5d7461dfe8727e0cc2f25\"},\"headline\":\"Come la guerra in Ucraina sta cambiando il made in italy del legno\",\"datePublished\":\"2022-05-19T09:59:40+00:00\",\"dateModified\":\"2023-02-24T15:52:18+00:00\",\"mainEntityOfPage\":{\"@id\":\"https:\/\/www.astravernici.it\/it\/come-la-guerra-in-ucraina-sta-cambiando-il-made-in-italy-del-legno\/#webpage\"},\"wordCount\":959,\"commentCount\":1,\"publisher\":{\"@id\":\"https:\/\/www.astravernici.it\/it\/#organization\"},\"image\":{\"@id\":\"https:\/\/www.astravernici.it\/it\/come-la-guerra-in-ucraina-sta-cambiando-il-made-in-italy-del-legno\/#primaryimage\"},\"thumbnailUrl\":\"https:\/\/www.astravernici.it\/wp-content\/uploads\/2022\/05\/soldati-ucraina.jpg\",\"articleSection\":[\"News e Approfondimenti\"],\"inLanguage\":\"it-IT\",\"potentialAction\":[{\"@type\":\"CommentAction\",\"name\":\"Comment\",\"target\":[\"https:\/\/www.astravernici.it\/it\/come-la-guerra-in-ucraina-sta-cambiando-il-made-in-italy-del-legno\/#respond\"]}]},{\"@type\":\"Person\",\"@id\":\"https:\/\/www.astravernici.it\/it\/#\/schema\/person\/1befcb2d75c5d7461dfe8727e0cc2f25\",\"name\":\"admin\",\"image\":{\"@type\":\"ImageObject\",\"@id\":\"https:\/\/www.astravernici.it\/it\/#personlogo\",\"inLanguage\":\"it-IT\",\"url\":\"https:\/\/secure.gravatar.com\/avatar\/62cf4c4e335d983185d7d49781248579?s=96&d=mm&r=g\",\"contentUrl\":\"https:\/\/secure.gravatar.com\/avatar\/62cf4c4e335d983185d7d49781248579?s=96&d=mm&r=g\",\"caption\":\"admin\"}}]}<\/script>\n<!-- \/ Yoast SEO Premium plugin. -->","yoast_head_json":{"title":"Come la guerra in Ucraina sta cambiando il made in italy del legno | Astra Vernici","robots":{"index":"index","follow":"follow","max-snippet":"max-snippet:-1","max-image-preview":"max-image-preview:large","max-video-preview":"max-video-preview:-1"},"canonical":"https:\/\/www.astravernici.it\/it\/come-la-guerra-in-ucraina-sta-cambiando-il-made-in-italy-del-legno\/","og_locale":"it_IT","og_type":"article","og_title":"Come la guerra in Ucraina sta cambiando il made in italy del legno | Astra Vernici","og_description":"Le nuove sfide generate dalla guerra russo-ucraina ci obbligano a ripensare l'intera filiera del legno Made in Italy, iniziando da...","og_url":"https:\/\/www.astravernici.it\/it\/come-la-guerra-in-ucraina-sta-cambiando-il-made-in-italy-del-legno\/","og_site_name":"Astra Vernici","article_published_time":"2022-05-19T09:59:40+00:00","article_modified_time":"2023-02-24T15:52:18+00:00","og_image":[{"width":1920,"height":1280,"url":"https:\/\/www.astravernici.it\/wp-content\/uploads\/2022\/05\/soldati-ucraina.jpg","type":"image\/jpeg"}],"twitter_card":"summary_large_image","twitter_misc":{"Scritto da":"admin","Tempo di lettura stimato":"4 minuti"},"schema":{"@context":"https:\/\/schema.org","@graph":[{"@type":"Organization","@id":"https:\/\/www.astravernici.it\/it\/#organization","name":"Astra Vernici","url":"https:\/\/www.astravernici.it\/it\/","sameAs":[],"logo":{"@type":"ImageObject","@id":"https:\/\/www.astravernici.it\/it\/#logo","inLanguage":"it-IT","url":"https:\/\/www.astravernici.it\/wp-content\/uploads\/2025\/10\/Logo-_Astra_750x492.svg","contentUrl":"https:\/\/www.astravernici.it\/wp-content\/uploads\/2025\/10\/Logo-_Astra_750x492.svg","caption":"Astra Vernici"},"image":{"@id":"https:\/\/www.astravernici.it\/it\/#logo"}},{"@type":"WebSite","@id":"https:\/\/www.astravernici.it\/it\/#website","url":"https:\/\/www.astravernici.it\/it\/","name":"Astra Vernici","description":"Your Coating Partner","publisher":{"@id":"https:\/\/www.astravernici.it\/it\/#organization"},"potentialAction":[{"@type":"SearchAction","target":{"@type":"EntryPoint","urlTemplate":"https:\/\/www.astravernici.it\/it\/?s={search_term_string}"},"query-input":"required name=search_term_string"}],"inLanguage":"it-IT"},{"@type":"ImageObject","@id":"https:\/\/www.astravernici.it\/it\/come-la-guerra-in-ucraina-sta-cambiando-il-made-in-italy-del-legno\/#primaryimage","inLanguage":"it-IT","url":"https:\/\/www.astravernici.it\/wp-content\/uploads\/2022\/05\/soldati-ucraina.jpg","contentUrl":"https:\/\/www.astravernici.it\/wp-content\/uploads\/2022\/05\/soldati-ucraina.jpg","width":1920,"height":1280},{"@type":"WebPage","@id":"https:\/\/www.astravernici.it\/it\/come-la-guerra-in-ucraina-sta-cambiando-il-made-in-italy-del-legno\/#webpage","url":"https:\/\/www.astravernici.it\/it\/come-la-guerra-in-ucraina-sta-cambiando-il-made-in-italy-del-legno\/","name":"Come la guerra in Ucraina sta cambiando il made in italy del legno | Astra Vernici","isPartOf":{"@id":"https:\/\/www.astravernici.it\/it\/#website"},"primaryImageOfPage":{"@id":"https:\/\/www.astravernici.it\/it\/come-la-guerra-in-ucraina-sta-cambiando-il-made-in-italy-del-legno\/#primaryimage"},"datePublished":"2022-05-19T09:59:40+00:00","dateModified":"2023-02-24T15:52:18+00:00","breadcrumb":{"@id":"https:\/\/www.astravernici.it\/it\/come-la-guerra-in-ucraina-sta-cambiando-il-made-in-italy-del-legno\/#breadcrumb"},"inLanguage":"it-IT","potentialAction":[{"@type":"ReadAction","target":["https:\/\/www.astravernici.it\/it\/come-la-guerra-in-ucraina-sta-cambiando-il-made-in-italy-del-legno\/"]}]},{"@type":"BreadcrumbList","@id":"https:\/\/www.astravernici.it\/it\/come-la-guerra-in-ucraina-sta-cambiando-il-made-in-italy-del-legno\/#breadcrumb","itemListElement":[{"@type":"ListItem","position":1,"name":"Home","item":"https:\/\/www.astravernici.it\/it\/"},{"@type":"ListItem","position":2,"name":"Come la guerra in Ucraina sta cambiando il made in italy del legno"}]},{"@type":"Article","@id":"https:\/\/www.astravernici.it\/it\/come-la-guerra-in-ucraina-sta-cambiando-il-made-in-italy-del-legno\/#article","isPartOf":{"@id":"https:\/\/www.astravernici.it\/it\/come-la-guerra-in-ucraina-sta-cambiando-il-made-in-italy-del-legno\/#webpage"},"author":{"@id":"https:\/\/www.astravernici.it\/it\/#\/schema\/person\/1befcb2d75c5d7461dfe8727e0cc2f25"},"headline":"Come la guerra in Ucraina sta cambiando il made in italy del legno","datePublished":"2022-05-19T09:59:40+00:00","dateModified":"2023-02-24T15:52:18+00:00","mainEntityOfPage":{"@id":"https:\/\/www.astravernici.it\/it\/come-la-guerra-in-ucraina-sta-cambiando-il-made-in-italy-del-legno\/#webpage"},"wordCount":959,"commentCount":1,"publisher":{"@id":"https:\/\/www.astravernici.it\/it\/#organization"},"image":{"@id":"https:\/\/www.astravernici.it\/it\/come-la-guerra-in-ucraina-sta-cambiando-il-made-in-italy-del-legno\/#primaryimage"},"thumbnailUrl":"https:\/\/www.astravernici.it\/wp-content\/uploads\/2022\/05\/soldati-ucraina.jpg","articleSection":["News e Approfondimenti"],"inLanguage":"it-IT","potentialAction":[{"@type":"CommentAction","name":"Comment","target":["https:\/\/www.astravernici.it\/it\/come-la-guerra-in-ucraina-sta-cambiando-il-made-in-italy-del-legno\/#respond"]}]},{"@type":"Person","@id":"https:\/\/www.astravernici.it\/it\/#\/schema\/person\/1befcb2d75c5d7461dfe8727e0cc2f25","name":"admin","image":{"@type":"ImageObject","@id":"https:\/\/www.astravernici.it\/it\/#personlogo","inLanguage":"it-IT","url":"https:\/\/secure.gravatar.com\/avatar\/62cf4c4e335d983185d7d49781248579?s=96&d=mm&r=g","contentUrl":"https:\/\/secure.gravatar.com\/avatar\/62cf4c4e335d983185d7d49781248579?s=96&d=mm&r=g","caption":"admin"}}]}},"_links":{"self":[{"href":"https:\/\/www.astravernici.it\/it\/wp-json\/wp\/v2\/posts\/34491"}],"collection":[{"href":"https:\/\/www.astravernici.it\/it\/wp-json\/wp\/v2\/posts"}],"about":[{"href":"https:\/\/www.astravernici.it\/it\/wp-json\/wp\/v2\/types\/post"}],"author":[{"embeddable":true,"href":"https:\/\/www.astravernici.it\/it\/wp-json\/wp\/v2\/users\/1"}],"replies":[{"embeddable":true,"href":"https:\/\/www.astravernici.it\/it\/wp-json\/wp\/v2\/comments?post=34491"}],"version-history":[{"count":23,"href":"https:\/\/www.astravernici.it\/it\/wp-json\/wp\/v2\/posts\/34491\/revisions"}],"predecessor-version":[{"id":35043,"href":"https:\/\/www.astravernici.it\/it\/wp-json\/wp\/v2\/posts\/34491\/revisions\/35043"}],"wp:featuredmedia":[{"embeddable":true,"href":"https:\/\/www.astravernici.it\/it\/wp-json\/wp\/v2\/media\/35041"}],"wp:attachment":[{"href":"https:\/\/www.astravernici.it\/it\/wp-json\/wp\/v2\/media?parent=34491"}],"wp:term":[{"taxonomy":"category","embeddable":true,"href":"https:\/\/www.astravernici.it\/it\/wp-json\/wp\/v2\/categories?post=34491"},{"taxonomy":"post_tag","embeddable":true,"href":"https:\/\/www.astravernici.it\/it\/wp-json\/wp\/v2\/tags?post=34491"}],"curies":[{"name":"wp","href":"https:\/\/api.w.org\/{rel}","templated":true}]}}