{"id":34310,"date":"2021-11-23T12:08:18","date_gmt":"2021-11-23T11:08:18","guid":{"rendered":"https:\/\/www.astravernici.it\/?p=34310"},"modified":"2021-11-24T15:11:06","modified_gmt":"2021-11-24T14:11:06","slug":"astra-vernici-apre-in-canada","status":"publish","type":"post","link":"https:\/\/www.astravernici.it\/it\/astra-vernici-apre-in-canada\/","title":{"rendered":"Astra Vernici apre una nuova sede per la distribuzione in Canada"},"content":{"rendered":"<p>[vc_row][vc_column][vc_empty_space height=&#8221;52px&#8221;][vc_column_text]<\/p>\n<p style=\"font-size: 22px;\"><strong>Astra Vernici apre una nuova sede distributiva in Canada<br \/>\n<\/strong><\/p>\n<h5 style=\"font-size: 15px; line-height: 25px;\"><strong>ASTRA COATINGS CANADA, al 100% di propriet\u00e0 di ASTRA VERNICI Srl., si occuper\u00e0 della distribuzione dei prodotti vernicianti fabbricati dalla dinamica azienda di Bergamo sul territorio Canadese.<br \/>\n<\/strong><\/h5>\n<p>&nbsp;<\/p>\n<p>Si parlava qualche mese fa, nel nostro approfondimento, sull&#8217;<a href=\"https:\/\/www.astravernici.it\/it\/made-in-italy-quando-lexport-diventa-un-grande-vantaggio\/\">importanza dell&#8217;export<\/a>. Di come la digitalizzazione, le filiere globali e lo sviluppo di nuove tecnologie hanno favorito uno scambio di informazioni e conoscenze mai visto prima. Aumentando quindi i benefici dell&#8217;esportazione del Made in Italy.<\/p>\n<p>La nostra intraprendenza e voglia di fare impresa, unita ad una ovvia opportunit\u00e0 commerciale, ci hanno portato ad aprire una nuova sede oltreoceano, in Canada.<\/p>\n<p>ASTRA VERNICI Srl era gi\u00e0 presente in <strong>Canada<\/strong> sin dai primi anni del 2000 attraverso accordi con societ\u00e0 locali, la novit\u00e0 \u00e8 quella che ad operare sar\u00e0 una struttura diretta e dedicata in grado di offrire il vero <strong>Made in Italy<\/strong> con un servizio locale e capillare.<br \/>\nIl secondo step del progetto, previsto dopo un periodo di consilidamento, sar\u00e0 la fabbricazione in loco. Anche perch\u00e9, forte della esperienza diretta sul mercato locale, \u00e8 stata appositamente messa a punto nei laboratori italiani di ASTRA VERNICI una interessante tecnologia per la vernciatura dei mobili e arredamenti per interni molto consolidata in tutto il Nord America chiamata &#8220;<strong>conversion varnish<\/strong>&#8221; o &#8220;post-cat&#8221;.[\/vc_column_text][vc_row_inner][vc_column_inner width=&#8221;1\/6&#8243;][\/vc_column_inner][vc_column_inner width=&#8221;2\/3&#8243;][vc_empty_space][vc_single_image image=&#8221;34314&#8243; img_size=&#8221;&#8221;][vc_empty_space][\/vc_column_inner][vc_column_inner width=&#8221;1\/6&#8243;][\/vc_column_inner][\/vc_row_inner][vc_column_text]<\/p>\n<h5 style=\"font-size: 15px; line-height: 20px;\"><strong>I prodotti &#8220;conversion varnish&#8221;<\/strong><\/h5>\n<p>&nbsp;<\/p>\n<p>Le peculariati\u00e0 salienti di questi prodotti a due componeti a base solvente sono:<\/p>\n<p>&#8211; Rapidit\u00e0 di essiccazione (il fondo bianco si pu\u00e0 carteggiare dopo 1 ora a temp. ambiente)<\/p>\n<p>&#8211; Alto solito<\/p>\n<p>&#8211; Pot-life di almeno 24 ore<\/p>\n<p>&#8211; Non ingiallenza della versione pigmentata bianca<\/p>\n<p>&#8211; Durezza al graffio e resistenza alla &#8220;lucidatura&#8221; superiori dei tradizionali PUR<\/p>\n<p>&#8211; Resistenze chimiche al pari dei PUR<\/p>\n<p>&#8211; Assenza di isocianati<\/p>\n<p>&#8211; Praticamente privi di formaldeide libera (contenuto &lt; 0,05%)[\/vc_column_text][vc_row_inner][vc_column_inner width=&#8221;1\/6&#8243;][\/vc_column_inner][vc_column_inner width=&#8221;2\/3&#8243;][vc_empty_space][vc_single_image image=&#8221;34217&#8243; img_size=&#8221;&#8221;][vc_empty_space][\/vc_column_inner][vc_column_inner width=&#8221;1\/6&#8243;][\/vc_column_inner][\/vc_row_inner][vc_column_text]La particolarit\u00e0 di questa nuova serie di prodotti di ASTRA VERNICI, sempre attenta all&#8217;<strong>ambiente<\/strong>, \u00e8 la a bassissima emissione (praticamente zero) di formaldeide.<br \/>\nInsieme a questa nuova famiglia di prodotti, che potrebbe avere anche un interessante sbocco in altri mercati, non mancheranno tutti i prodotti della vasta gamma di ASTRA VERNICI, dalle tradizionali vernici poliurtaniche, alle poliestere, agli UV e, soprattutto, le vernici a base di acqua.<\/p>\n<p>Il progetto \u00e8 piaciuto a tal punto che a a breve \u00e8 previsto l&#8217;ingresso nella compagine sociale di investitori locali e personale italiano che si aggiungeranno al dinamismo della compagine Italiana perch\u00e9 la domanda dei prodotti <strong>Made in Italy<\/strong> \u00e8 talmente levata che \u00e8 necessario l&#8217;ingresso di ulteriore capitale umano.[\/vc_column_text][\/vc_column][\/vc_row]<\/p>\n","protected":false},"excerpt":{"rendered":"<p>ASTRA COATINGS CANADA, si occuper\u00e0 della distribuzione dei prodotti vernicianti sul territorio Canadese.<\/p>\n","protected":false},"author":1,"featured_media":34314,"comment_status":"open","ping_status":"open","sticky":false,"template":"","format":"standard","meta":{"_mi_skip_tracking":false,"_monsterinsights_sitenote_active":false,"_monsterinsights_sitenote_note":"","_monsterinsights_sitenote_category":0},"categories":[518],"tags":[],"yoast_head":"<!-- This site is optimized with the Yoast SEO Premium plugin v16.0.3 (Yoast SEO v17.6) - https:\/\/yoast.com\/wordpress\/plugins\/seo\/ -->\n<title>Astra Vernici apre una nuova sede per la distribuzione in Canada | Astra Vernici<\/title>\n<meta name=\"robots\" content=\"index, follow, max-snippet:-1, max-image-preview:large, max-video-preview:-1\" \/>\n<link rel=\"canonical\" href=\"https:\/\/www.astravernici.it\/it\/astra-vernici-apre-in-canada\/\" \/>\n<meta property=\"og:locale\" content=\"it_IT\" \/>\n<meta property=\"og:type\" content=\"article\" \/>\n<meta property=\"og:title\" content=\"Astra Vernici apre una nuova sede per la distribuzione in Canada | Astra Vernici\" \/>\n<meta property=\"og:description\" content=\"ASTRA COATINGS CANADA, si occuper\u00e0 della distribuzione dei prodotti vernicianti sul territorio Canadese.\" \/>\n<meta property=\"og:url\" content=\"https:\/\/www.astravernici.it\/it\/astra-vernici-apre-in-canada\/\" \/>\n<meta property=\"og:site_name\" content=\"Astra Vernici\" \/>\n<meta property=\"article:published_time\" content=\"2021-11-23T11:08:18+00:00\" \/>\n<meta property=\"article:modified_time\" content=\"2021-11-24T14:11:06+00:00\" \/>\n<meta property=\"og:image\" content=\"https:\/\/www.astravernici.it\/wp-content\/uploads\/2021\/11\/canada.jpg\" \/>\n\t<meta property=\"og:image:width\" content=\"1600\" \/>\n\t<meta property=\"og:image:height\" content=\"900\" \/>\n<meta name=\"twitter:card\" content=\"summary_large_image\" \/>\n<meta name=\"twitter:label1\" content=\"Scritto da\" \/>\n\t<meta name=\"twitter:data1\" content=\"admin\" \/>\n\t<meta name=\"twitter:label2\" content=\"Tempo di lettura stimato\" \/>\n\t<meta name=\"twitter:data2\" content=\"2 minuti\" \/>\n<script type=\"application\/ld+json\" class=\"yoast-schema-graph\">{\"@context\":\"https:\/\/schema.org\",\"@graph\":[{\"@type\":\"Organization\",\"@id\":\"https:\/\/www.astravernici.it\/it\/#organization\",\"name\":\"Astra Vernici\",\"url\":\"https:\/\/www.astravernici.it\/it\/\",\"sameAs\":[],\"logo\":{\"@type\":\"ImageObject\",\"@id\":\"https:\/\/www.astravernici.it\/it\/#logo\",\"inLanguage\":\"it-IT\",\"url\":\"https:\/\/www.astravernici.it\/wp-content\/uploads\/2025\/10\/Logo-_Astra_750x492.svg\",\"contentUrl\":\"https:\/\/www.astravernici.it\/wp-content\/uploads\/2025\/10\/Logo-_Astra_750x492.svg\",\"caption\":\"Astra Vernici\"},\"image\":{\"@id\":\"https:\/\/www.astravernici.it\/it\/#logo\"}},{\"@type\":\"WebSite\",\"@id\":\"https:\/\/www.astravernici.it\/it\/#website\",\"url\":\"https:\/\/www.astravernici.it\/it\/\",\"name\":\"Astra Vernici\",\"description\":\"Your Coating Partner\",\"publisher\":{\"@id\":\"https:\/\/www.astravernici.it\/it\/#organization\"},\"potentialAction\":[{\"@type\":\"SearchAction\",\"target\":{\"@type\":\"EntryPoint\",\"urlTemplate\":\"https:\/\/www.astravernici.it\/it\/?s={search_term_string}\"},\"query-input\":\"required name=search_term_string\"}],\"inLanguage\":\"it-IT\"},{\"@type\":\"ImageObject\",\"@id\":\"https:\/\/www.astravernici.it\/it\/astra-vernici-apre-in-canada\/#primaryimage\",\"inLanguage\":\"it-IT\",\"url\":\"https:\/\/www.astravernici.it\/wp-content\/uploads\/2021\/11\/canada.jpg\",\"contentUrl\":\"https:\/\/www.astravernici.it\/wp-content\/uploads\/2021\/11\/canada.jpg\",\"width\":1600,\"height\":900},{\"@type\":\"WebPage\",\"@id\":\"https:\/\/www.astravernici.it\/it\/astra-vernici-apre-in-canada\/#webpage\",\"url\":\"https:\/\/www.astravernici.it\/it\/astra-vernici-apre-in-canada\/\",\"name\":\"Astra Vernici apre una nuova sede per la distribuzione in Canada | Astra Vernici\",\"isPartOf\":{\"@id\":\"https:\/\/www.astravernici.it\/it\/#website\"},\"primaryImageOfPage\":{\"@id\":\"https:\/\/www.astravernici.it\/it\/astra-vernici-apre-in-canada\/#primaryimage\"},\"datePublished\":\"2021-11-23T11:08:18+00:00\",\"dateModified\":\"2021-11-24T14:11:06+00:00\",\"breadcrumb\":{\"@id\":\"https:\/\/www.astravernici.it\/it\/astra-vernici-apre-in-canada\/#breadcrumb\"},\"inLanguage\":\"it-IT\",\"potentialAction\":[{\"@type\":\"ReadAction\",\"target\":[\"https:\/\/www.astravernici.it\/it\/astra-vernici-apre-in-canada\/\"]}]},{\"@type\":\"BreadcrumbList\",\"@id\":\"https:\/\/www.astravernici.it\/it\/astra-vernici-apre-in-canada\/#breadcrumb\",\"itemListElement\":[{\"@type\":\"ListItem\",\"position\":1,\"name\":\"Home\",\"item\":\"https:\/\/www.astravernici.it\/it\/\"},{\"@type\":\"ListItem\",\"position\":2,\"name\":\"Astra Vernici apre una nuova sede per la distribuzione in Canada\"}]},{\"@type\":\"Article\",\"@id\":\"https:\/\/www.astravernici.it\/it\/astra-vernici-apre-in-canada\/#article\",\"isPartOf\":{\"@id\":\"https:\/\/www.astravernici.it\/it\/astra-vernici-apre-in-canada\/#webpage\"},\"author\":{\"@id\":\"https:\/\/www.astravernici.it\/it\/#\/schema\/person\/1befcb2d75c5d7461dfe8727e0cc2f25\"},\"headline\":\"Astra Vernici apre una nuova sede per la distribuzione in Canada\",\"datePublished\":\"2021-11-23T11:08:18+00:00\",\"dateModified\":\"2021-11-24T14:11:06+00:00\",\"mainEntityOfPage\":{\"@id\":\"https:\/\/www.astravernici.it\/it\/astra-vernici-apre-in-canada\/#webpage\"},\"wordCount\":520,\"commentCount\":0,\"publisher\":{\"@id\":\"https:\/\/www.astravernici.it\/it\/#organization\"},\"image\":{\"@id\":\"https:\/\/www.astravernici.it\/it\/astra-vernici-apre-in-canada\/#primaryimage\"},\"thumbnailUrl\":\"https:\/\/www.astravernici.it\/wp-content\/uploads\/2021\/11\/canada.jpg\",\"articleSection\":[\"News e Approfondimenti\"],\"inLanguage\":\"it-IT\",\"potentialAction\":[{\"@type\":\"CommentAction\",\"name\":\"Comment\",\"target\":[\"https:\/\/www.astravernici.it\/it\/astra-vernici-apre-in-canada\/#respond\"]}]},{\"@type\":\"Person\",\"@id\":\"https:\/\/www.astravernici.it\/it\/#\/schema\/person\/1befcb2d75c5d7461dfe8727e0cc2f25\",\"name\":\"admin\",\"image\":{\"@type\":\"ImageObject\",\"@id\":\"https:\/\/www.astravernici.it\/it\/#personlogo\",\"inLanguage\":\"it-IT\",\"url\":\"https:\/\/secure.gravatar.com\/avatar\/62cf4c4e335d983185d7d49781248579?s=96&d=mm&r=g\",\"contentUrl\":\"https:\/\/secure.gravatar.com\/avatar\/62cf4c4e335d983185d7d49781248579?s=96&d=mm&r=g\",\"caption\":\"admin\"}}]}<\/script>\n<!-- \/ Yoast SEO Premium plugin. -->","yoast_head_json":{"title":"Astra Vernici apre una nuova sede per la distribuzione in Canada | Astra Vernici","robots":{"index":"index","follow":"follow","max-snippet":"max-snippet:-1","max-image-preview":"max-image-preview:large","max-video-preview":"max-video-preview:-1"},"canonical":"https:\/\/www.astravernici.it\/it\/astra-vernici-apre-in-canada\/","og_locale":"it_IT","og_type":"article","og_title":"Astra Vernici apre una nuova sede per la distribuzione in Canada | Astra Vernici","og_description":"ASTRA COATINGS CANADA, si occuper\u00e0 della distribuzione dei prodotti vernicianti sul territorio Canadese.","og_url":"https:\/\/www.astravernici.it\/it\/astra-vernici-apre-in-canada\/","og_site_name":"Astra Vernici","article_published_time":"2021-11-23T11:08:18+00:00","article_modified_time":"2021-11-24T14:11:06+00:00","og_image":[{"width":1600,"height":900,"url":"https:\/\/www.astravernici.it\/wp-content\/uploads\/2021\/11\/canada.jpg","type":"image\/jpeg"}],"twitter_card":"summary_large_image","twitter_misc":{"Scritto da":"admin","Tempo di lettura stimato":"2 minuti"},"schema":{"@context":"https:\/\/schema.org","@graph":[{"@type":"Organization","@id":"https:\/\/www.astravernici.it\/it\/#organization","name":"Astra Vernici","url":"https:\/\/www.astravernici.it\/it\/","sameAs":[],"logo":{"@type":"ImageObject","@id":"https:\/\/www.astravernici.it\/it\/#logo","inLanguage":"it-IT","url":"https:\/\/www.astravernici.it\/wp-content\/uploads\/2025\/10\/Logo-_Astra_750x492.svg","contentUrl":"https:\/\/www.astravernici.it\/wp-content\/uploads\/2025\/10\/Logo-_Astra_750x492.svg","caption":"Astra Vernici"},"image":{"@id":"https:\/\/www.astravernici.it\/it\/#logo"}},{"@type":"WebSite","@id":"https:\/\/www.astravernici.it\/it\/#website","url":"https:\/\/www.astravernici.it\/it\/","name":"Astra Vernici","description":"Your Coating Partner","publisher":{"@id":"https:\/\/www.astravernici.it\/it\/#organization"},"potentialAction":[{"@type":"SearchAction","target":{"@type":"EntryPoint","urlTemplate":"https:\/\/www.astravernici.it\/it\/?s={search_term_string}"},"query-input":"required name=search_term_string"}],"inLanguage":"it-IT"},{"@type":"ImageObject","@id":"https:\/\/www.astravernici.it\/it\/astra-vernici-apre-in-canada\/#primaryimage","inLanguage":"it-IT","url":"https:\/\/www.astravernici.it\/wp-content\/uploads\/2021\/11\/canada.jpg","contentUrl":"https:\/\/www.astravernici.it\/wp-content\/uploads\/2021\/11\/canada.jpg","width":1600,"height":900},{"@type":"WebPage","@id":"https:\/\/www.astravernici.it\/it\/astra-vernici-apre-in-canada\/#webpage","url":"https:\/\/www.astravernici.it\/it\/astra-vernici-apre-in-canada\/","name":"Astra Vernici apre una nuova sede per la distribuzione in Canada | Astra Vernici","isPartOf":{"@id":"https:\/\/www.astravernici.it\/it\/#website"},"primaryImageOfPage":{"@id":"https:\/\/www.astravernici.it\/it\/astra-vernici-apre-in-canada\/#primaryimage"},"datePublished":"2021-11-23T11:08:18+00:00","dateModified":"2021-11-24T14:11:06+00:00","breadcrumb":{"@id":"https:\/\/www.astravernici.it\/it\/astra-vernici-apre-in-canada\/#breadcrumb"},"inLanguage":"it-IT","potentialAction":[{"@type":"ReadAction","target":["https:\/\/www.astravernici.it\/it\/astra-vernici-apre-in-canada\/"]}]},{"@type":"BreadcrumbList","@id":"https:\/\/www.astravernici.it\/it\/astra-vernici-apre-in-canada\/#breadcrumb","itemListElement":[{"@type":"ListItem","position":1,"name":"Home","item":"https:\/\/www.astravernici.it\/it\/"},{"@type":"ListItem","position":2,"name":"Astra Vernici apre una nuova sede per la distribuzione in Canada"}]},{"@type":"Article","@id":"https:\/\/www.astravernici.it\/it\/astra-vernici-apre-in-canada\/#article","isPartOf":{"@id":"https:\/\/www.astravernici.it\/it\/astra-vernici-apre-in-canada\/#webpage"},"author":{"@id":"https:\/\/www.astravernici.it\/it\/#\/schema\/person\/1befcb2d75c5d7461dfe8727e0cc2f25"},"headline":"Astra Vernici apre una nuova sede per la distribuzione in Canada","datePublished":"2021-11-23T11:08:18+00:00","dateModified":"2021-11-24T14:11:06+00:00","mainEntityOfPage":{"@id":"https:\/\/www.astravernici.it\/it\/astra-vernici-apre-in-canada\/#webpage"},"wordCount":520,"commentCount":0,"publisher":{"@id":"https:\/\/www.astravernici.it\/it\/#organization"},"image":{"@id":"https:\/\/www.astravernici.it\/it\/astra-vernici-apre-in-canada\/#primaryimage"},"thumbnailUrl":"https:\/\/www.astravernici.it\/wp-content\/uploads\/2021\/11\/canada.jpg","articleSection":["News e Approfondimenti"],"inLanguage":"it-IT","potentialAction":[{"@type":"CommentAction","name":"Comment","target":["https:\/\/www.astravernici.it\/it\/astra-vernici-apre-in-canada\/#respond"]}]},{"@type":"Person","@id":"https:\/\/www.astravernici.it\/it\/#\/schema\/person\/1befcb2d75c5d7461dfe8727e0cc2f25","name":"admin","image":{"@type":"ImageObject","@id":"https:\/\/www.astravernici.it\/it\/#personlogo","inLanguage":"it-IT","url":"https:\/\/secure.gravatar.com\/avatar\/62cf4c4e335d983185d7d49781248579?s=96&d=mm&r=g","contentUrl":"https:\/\/secure.gravatar.com\/avatar\/62cf4c4e335d983185d7d49781248579?s=96&d=mm&r=g","caption":"admin"}}]}},"_links":{"self":[{"href":"https:\/\/www.astravernici.it\/it\/wp-json\/wp\/v2\/posts\/34310"}],"collection":[{"href":"https:\/\/www.astravernici.it\/it\/wp-json\/wp\/v2\/posts"}],"about":[{"href":"https:\/\/www.astravernici.it\/it\/wp-json\/wp\/v2\/types\/post"}],"author":[{"embeddable":true,"href":"https:\/\/www.astravernici.it\/it\/wp-json\/wp\/v2\/users\/1"}],"replies":[{"embeddable":true,"href":"https:\/\/www.astravernici.it\/it\/wp-json\/wp\/v2\/comments?post=34310"}],"version-history":[{"count":0,"href":"https:\/\/www.astravernici.it\/it\/wp-json\/wp\/v2\/posts\/34310\/revisions"}],"wp:featuredmedia":[{"embeddable":true,"href":"https:\/\/www.astravernici.it\/it\/wp-json\/wp\/v2\/media\/34314"}],"wp:attachment":[{"href":"https:\/\/www.astravernici.it\/it\/wp-json\/wp\/v2\/media?parent=34310"}],"wp:term":[{"taxonomy":"category","embeddable":true,"href":"https:\/\/www.astravernici.it\/it\/wp-json\/wp\/v2\/categories?post=34310"},{"taxonomy":"post_tag","embeddable":true,"href":"https:\/\/www.astravernici.it\/it\/wp-json\/wp\/v2\/tags?post=34310"}],"curies":[{"name":"wp","href":"https:\/\/api.w.org\/{rel}","templated":true}]}}