{"id":34172,"date":"2021-10-08T16:57:25","date_gmt":"2021-10-08T14:57:25","guid":{"rendered":"https:\/\/www.astravernici.it\/?p=34172"},"modified":"2021-11-24T15:55:53","modified_gmt":"2021-11-24T14:55:53","slug":"ecco-i-colori-del-2022-2023","status":"publish","type":"post","link":"https:\/\/www.astravernici.it\/it\/ecco-i-colori-del-2022-2023\/","title":{"rendered":"Quali sono i colori della Primavera Estate 2022 e Autunno Inverno 2023 ?"},"content":{"rendered":"<p>[vc_row][vc_column][vc_empty_space height=&#8221;52px&#8221;][vc_column_text]<\/p>\n<p style=\"font-size: 22px;\"><strong>Quali sono i colori che andranno di moda Primavera Estate 2022 e Autunno Inverno 2023 ?<\/strong><\/p>\n<h1 style=\"font-size: 16px;\"><strong>Tutte le tendenze in fatto di arredamento e interior design, in ogni stanza della tua casa.<\/strong><\/h1>\n<p>Da quando nel 2000 il brand Pantone\u00a9 nomin\u00f2, per la prima volta, il \u201c<em>Color of the Year<\/em>\u201d segnalando la tonalit\u00e0 che, secondo l\u2019azienda, sarebbe diventata di tendenza nell\u2019anno successivo, l\u2019istituto americano di classificazione delle tinte colore ha dato vita a un rito diventando un vero punto di riferimento del campo: una vera \u201cautorit\u00e0 del colore\u201d.<\/p>\n<p>Quest\u2019anno (2021) hanno vinto due colori ad ex-equo: il grigio (Ultimate Gray 17-5104) e il giallo (Illuminating 13-0647).[\/vc_column_text][vc_row_inner][vc_column_inner width=&#8221;1\/6&#8243;][\/vc_column_inner][vc_column_inner width=&#8221;2\/3&#8243;][vc_empty_space][vc_single_image image=&#8221;34226&#8243; img_size=&#8221;&#8221;][vc_empty_space][\/vc_column_inner][vc_column_inner width=&#8221;1\/6&#8243;][\/vc_column_inner][\/vc_row_inner][vc_column_text]Concreta e salda, ma allo stesso tempo calorosa e ottimistica, questa combinazione di colori ci trasmette un senso di resilienza e speranza. Abbiamo bisogno di sentirci incoraggiati e risollevati; \u00e8 un qualcosa di essenziale per la mente umana\u00bb, commenta cos\u00ec <em>Leatrice Eiseman<\/em>, Executive Director del <em>Pantone\u00a9 Color Institute<\/em>, la scelta dell\u2019Ultimate Gray e Illuminating per il 2021.<\/p>\n<p>A distanza di qualche mese dall\u2019annuncio (dicembre \u201921), anche noi di Astra Vernici ci sentiamo di proporre colori e tinte, che secondo molti esperti potrebbero diventare popolari nel prossimo anno.<\/p>\n<p>La nostra tavolozza del 2021 \u00e8 stata ricca di proposte tutte per\u00f2 caratterizzate da un <strong>inno alla rinascita<\/strong>, alla forza e all\u2019energia. Un\u2019iniezione di speranza e ottimismo come risposta al buio periodo storico che stiamo vivendo.<\/p>\n<p>A nostro avviso, la tendenza del colore del <strong>2022<\/strong> dovrebbe indirizzare l\u2019attenzione verso <strong>questioni ambientali<\/strong>, tema quanto mai sentito in questi momenti, focalizzando maggiormente l\u2019attenzione sulla sostenibilit\u00e0.<\/p>\n<p>Infatti, rispetto all\u2019incertezza e alla sfiducia di questo tempo, segnato dalla pandemia, le <em>tinte naturali<\/em> esprimono sobriet\u00e0 e tenacia e la capacit\u00e0 di adattarsi che appartengono alla natura, che \u00e8 capace di rinascere e di sbocciare rigogliosa dopo \u201cinverni freddi e rigidi\u201d.<\/p>\n<p>Questi colori evocano nell\u2019immaginario una sensazione di pace, benessere e salute, vincendo l\u2019incertezza e la paura causate da questo periodo delicato e, per molti aspetti, di paura.<\/p>\n<p>Un messaggio di <strong>speranza, sicurezza e resilienza<\/strong> quanto mai attuale.<\/p>\n<p>Tra i colori definiti di tendenza e suggeriti da Pantone\u00a9 per la primavera\/estate del 2022, noi di ASTRA VERNICI proponiamo alcune tinte<strong> sobrie<\/strong> che sono presenti in natura come i colori pastello.[\/vc_column_text][\/vc_column][\/vc_row][vc_row][vc_column][vc_column_text]<strong>L&#8217; intramontabile Blu: PANTONE\u00ae 19-4151 TCX Skydiver<br \/>\n<\/strong><\/p>\n<p>Solitamente il blu \u00e8 un colore che <strong>non passa mai di moda<\/strong>, l&#8217;ideale per chi cerca arredi classici e raffinati. Il colore <span data-contrast=\"none\">raccoglie in s\u00e9 fiducia e tranquillit\u00e0, la necessit\u00e0 di riportare nelle nostre case un senso di serenit\u00e0, ma anche una profondit\u00e0 che tenda all&#8217;introspezione.<\/span><\/p>\n<p>Nel 2022 potrebbe essere ancora una delle linee cromatiche protagoniste, stavolta in combinazione con l\u2019oro anticato da ricercare nei complementi d\u2019arredo come cornici, suppellettili e nelle finiture metalliche dei mobili.<\/p>\n<p>Ottimo per camere da letto, stanza dove si ricerca il relax e la serenit\u00e0, sar\u00e0 adatto anche per salotti e bagni.[\/vc_column_text][vc_row_inner equal_height=&#8221;yes&#8221; content_placement=&#8221;middle&#8221; el_class=&#8221;immaginearticolo&#8221;][vc_column_inner width=&#8221;1\/4&#8243;][vc_single_image image=&#8221;34251&#8243; img_size=&#8221;&#8221; el_class=&#8221;immagine&#8221;][\/vc_column_inner][vc_column_inner width=&#8221;3\/4&#8243;][vc_empty_space][vc_single_image image=&#8221;34191&#8243; img_size=&#8221;&#8221;][vc_empty_space][\/vc_column_inner][\/vc_row_inner][vc_column_text]<strong>Color Basilico: PANTONE\u00ae 16-6216 TCX Basil<\/strong><\/p>\n<p>Si tratta di un grigio-verde nutriente e sofisticato. Dopo anni di colori audaci toni gioiello, Pantone\u00a9 torna sulle mezze tonalit\u00e0.<\/p>\n<p>\u00c8 un sofisticato lavaggio di colore per gli spazi che bramano una sfumatura dichiarazione sottile ma mozzafiato. <strong>Basil<\/strong> ci ispira a ricominciare ed \u00e8 un&#8217;ottima scelta per interni ed esterni moderni, donando la freschezza e neutralit\u00e0 che \u00e8 sempre necessaria negli ambienti living.[\/vc_column_text][vc_row_inner equal_height=&#8221;yes&#8221; content_placement=&#8221;middle&#8221; el_class=&#8221;immaginearticolo&#8221;][vc_column_inner width=&#8221;1\/4&#8243;][vc_single_image image=&#8221;34253&#8243; img_size=&#8221;&#8221; el_class=&#8221;immagine&#8221;][\/vc_column_inner][vc_column_inner width=&#8221;3\/4&#8243;][vc_empty_space][vc_single_image image=&#8221;34193&#8243; img_size=&#8221;&#8221;][vc_empty_space][\/vc_column_inner][\/vc_row_inner][vc_column_text]<strong>PANTONE\u00ae 14-4104 TCX Northern Droplet<\/strong><\/p>\n<p>Questa tonalit\u00e0 grigio chiaro Northern Droplet infonde sentimenti di tranquillit\u00e0. Ricorda il cielo dei giorni pi\u00f9 grigi del Nord Europa, che spingono le famiglie e le persone a preferire ambienti chiusi, dove trovare tranquillit\u00e0. Questo legame con la natura del cielo e con l&#8217;interno &#8220;umano&#8221; fornisce una sensazione di quiete. Un colore che accoglie un senso di restauro e guarigione.<\/p>\n<p><strong>Northern Droplet<\/strong> offre contrasto scattante e un look pulito che \u00e8 perfetto per un ingresso o una cucina o un soggiorno minimal. Se abbinato a toni caldi e morbidi, come il legno naturale, assume un&#8217;atmosfera rilassante e tranquilla perfetta per camere da letto, bagni o zone living dove l&#8217;obiettivo \u00e8 il relax. Si pu\u00f2 definire come un colore ventilato, da atmosfera urbana, che si fonde splendidamente con i disegni contemporanei.[\/vc_column_text][vc_row_inner equal_height=&#8221;yes&#8221; content_placement=&#8221;middle&#8221; el_class=&#8221;immaginearticolo&#8221;][vc_column_inner width=&#8221;1\/4&#8243;][vc_single_image image=&#8221;34255&#8243; img_size=&#8221;&#8221; el_class=&#8221;immagine&#8221;][\/vc_column_inner][vc_column_inner width=&#8221;3\/4&#8243;][vc_empty_space][vc_single_image image=&#8221;34149&#8243; img_size=&#8221;&#8221;][vc_empty_space][\/vc_column_inner][\/vc_row_inner][vc_column_text]<strong>Il Cielo nella Stanza: PANTONE\u00ae 12-4401 TCX Spun Sugar<br \/>\n<\/strong><\/p>\n<p>Risvegliarsi dalla quarantena con un rinnovato senso di\u00a0<strong>ammirazione nei confronti della natura<\/strong>, a partire dal cielo.<\/p>\n<p>Come altre tonalit\u00e0 blu, promuove il <strong>benessere, la serenit\u00e0 e il riposo<\/strong>.\u00a0 \u00c8 costituito da una gamma di azzurri, che parla di questo senso di rinnovamento.<\/p>\n<p>Nonostante faccia pensare alla natura, il nome tradotto fa riferimento allo zucchero filato. Un elemento giovanile, infantile. Quasi puerile, che contrasta con la seriet\u00e0 e il rigore che tanti hanno dovuto passare in questi anni. Partendo dai toni blu, dona serenit\u00e0 e pace, fronteggiando forse una cupezza, dovuta probabilmente alle avversit\u00e0 umane, come lo \u00e8 stato del resto la pandemia di Covid-19.<\/p>\n<p>I creativi potranno scatenarsi sia con il colore che con la forma, per soddisfare un cliente che desidera gioia e tranquillit\u00e0: con un colore che da massima espressione alla voglia di vivere.[\/vc_column_text][vc_row_inner equal_height=&#8221;yes&#8221; content_placement=&#8221;middle&#8221; el_class=&#8221;immaginearticolo&#8221;][vc_column_inner width=&#8221;1\/4&#8243;][vc_single_image image=&#8221;34257&#8243; img_size=&#8221;&#8221; el_class=&#8221;immagine&#8221;][\/vc_column_inner][vc_column_inner width=&#8221;3\/4&#8243;][vc_empty_space][vc_single_image image=&#8221;34197&#8243; img_size=&#8221;&#8221;][vc_empty_space][\/vc_column_inner][\/vc_row_inner][vc_column_text]<strong>Il Bianco Minimal: PANTONE\u00ae 11-0602 TCX Snow White<\/strong><\/p>\n<p>Tra i colori che andranno ancora per la maggiore ci saranno anche tutte le tonalit\u00e0 tendenti al bianco, oltre che al bianco stesso. Noi di Astra Vernici non vogliamo sottovalutare questi colori pi\u00f9 neutri, pi\u00f9 minimal. Sebbene da alcuni non vengano nemmeno considerati dei colori, per tanti altri sono ormai una garanzia di eleganza, semplicit\u00e0 e ampiezza. Questi toni conferiscono ampiezza e un senso di purezza alla casa.<\/p>\n<p>Per le persone alla ricerca di un tono neutro, semplice ma allo stesso tempo elegante e raffinato, PANTONE\u00a9 ha sviluppato <strong>Snow White<\/strong>, il bianco minimal probabilmente in tendenza nel prossimo anno.<\/p>\n<p>In Occidente si \u00e8 sempre avuto poca rispetto del <strong>vuoto<\/strong>, guardando sempre al pieno, al guadagno, al materiale, a ci\u00f2 che c&#8217;\u00e8. Spesso per\u00f2 si pu\u00f2 capire di qualcosa o qualcuno soprattutto grazie a ci\u00f2 che non \u00e8. Il nostro occhio \u00e8 alla ricerca dell&#8217;armonia tra il vuoto e la forma, tra l&#8217;assenza e la presenza, per raggiungere l&#8217;equilibrio e la massima contemplazione estetica.<\/p>\n<p>Il concetto \u00e8 arrivato da Oriente, il <strong>taijitu<\/strong> \u00e8 infatti un famoso simbolo della cultura cinese e in particolare della religione taoista e della <strong>filosofia confuciana<\/strong>. L&#8217;idea che l&#8217;armonia si raggiunga con l&#8217;equilibrio tra il vuoto e la forma, con i concetti di <strong>Yin e Yang<\/strong>. Il sole e la luna, la terra e il cielo, il bianco e il nero, il freddo e il caldo, e cos\u00ec via.<\/p>\n<p>Si sono poi diffuse diverse filosofie e una di queste, molto in voga negli ultimi anni \u00e8 quella del minimalismo. Un ritorno a mantenere solo lo cose essenziali, evitando di riempire la nostra vita, e quindi anche le nostre case di cose inutili. Questo colore \u00e8 associato al minimalismo perch\u00e8 spesso si scelgono colori neutri come questo Snow White di PANTONE\u00a9. Questa filosofia si \u00e8 fatta strada soprattutto negli arredi urbani delle citt\u00e0, in quanto \u00e8 in grado di portare luminosit\u00e0 e spazio anche negli appartamenti pi\u00f9 piccoli ed angusti.[\/vc_column_text][vc_row_inner equal_height=&#8221;yes&#8221; content_placement=&#8221;middle&#8221; el_class=&#8221;immaginearticolo&#8221;][vc_column_inner width=&#8221;1\/4&#8243;][vc_single_image image=&#8221;34239&#8243; img_size=&#8221;&#8221; el_class=&#8221;immagine&#8221;][\/vc_column_inner][vc_column_inner width=&#8221;3\/4&#8243;][vc_empty_space][vc_single_image image=&#8221;34209&#8243; img_size=&#8221;&#8221;][vc_empty_space][\/vc_column_inner][\/vc_row_inner][vc_column_text]<strong>Il Rosa Carne: PANTONE\u00ae 13-1513 TCX Gossamer Pink<\/strong><\/p>\n<p>Si tratta di un colore fortemente emozionale, che stimola la zona <strong>destra del cervello<\/strong>, quella dei sentimenti. Ci trasmette affetto, amore e protezione, conferendo sensazioni soavi e profondi. Ci allontana dalla solitudine e ci trasforma in persone sensibili.<br \/>\n\u00c8 <strong>simbolo di vita<\/strong>, che tanto \u00e8 stata tolta in questi anni. Una vita fresca, pulita, rinata.<\/p>\n<p>Il rosa carne \u00e8 un colore derivato dalla potenza del rosso ma frenato dalla <strong>purezza del bianco<\/strong>. Indica romanticismo, bellezza, dolcezza, femminilit\u00e0, raffinatezza, tenerezza. \u00c8 una delle cromie che prevale nei trend del 2022 proprio come risposta a un sentimento di smarrimento e incertezze vissuto nel 2020 e nel 2021: arriva a simboleggiare la <strong>maternit\u00e0<\/strong> di chi ti accompagna in un percorso di ripresa.<\/p>\n<p>Non sar\u00e0 solo rosa carne, ma rosa in tutte le sue sfumature.<\/p>\n<p>Articolato lungo uno spettro di toni caldi, il colore si fonde bene con arredi beige, grigio, tortora e marrone. La percezione generata dal loro utilizzo nella decorazione di interni \u00e8 lusso e ricercatezza, un tocco art-dec\u00f2 combinato al postmoderno <strong>tipico anni \u201980<\/strong>.[\/vc_column_text][vc_row_inner equal_height=&#8221;yes&#8221; content_placement=&#8221;middle&#8221; el_class=&#8221;immaginearticolo&#8221;][vc_column_inner width=&#8221;1\/4&#8243;][vc_single_image image=&#8221;34241&#8243; img_size=&#8221;&#8221; el_class=&#8221;immagine&#8221;][\/vc_column_inner][vc_column_inner width=&#8221;3\/4&#8243;][vc_empty_space][vc_single_image image=&#8221;34195&#8243; img_size=&#8221;&#8221;][vc_empty_space][\/vc_column_inner][\/vc_row_inner][\/vc_column][\/vc_row][vc_row][vc_column][vc_column_text]<\/p>\n<h5 style=\"font-size: 22px;\"><strong>Autunno 2022\/2023, quali saranno le possibili tendenze e i colori pi\u00f9 usati ?<\/strong><\/h5>\n<p>[\/vc_column_text][vc_empty_space height=&#8221;15px&#8221;][vc_column_text]Tuttavia, per l\u2019autunno\/inverno 2022\/2023 oltre, ai colori dalle tonalit\u00e0 naturali, che vanno dal bianco al grigio alla mandorla e all\u2019argentato, evocando un mondo attento le tematiche ambientali e la semplicit\u00e0, che non \u00e8 per forza di cosa \u201cpiatta\u201d, a nostro avviso si affiancheranno anche i <em>colori della passione<\/em>, quelli propri delle vernici superbrillanti.<\/p>\n<p>Tante le tonalit\u00e0 di verde, per invocare un\u2019agricoltura pi\u00f9 \u201cbio\u201d e attenta alle emissioni CO2, ma anche le acque marine e le vitamine; il giallo del mais o dell\u2019oro faranno il loro ritorno.[\/vc_column_text][vc_empty_space height=&#8221;15px&#8221;][vc_column_text]<strong>Verde: PANTONE\u00ae 18-0130 TPG Cactus<\/strong><\/p>\n<p>Il verde \u00e8 il colore della natura, che avvolge e rasserena, regalando luminosit\u00e0, freschezza e armonia.<br \/>\nConsiderato un colore neutro, n\u00e9 caldo n\u00e9 freddo, pu\u00f2 essere declinato e quindi scelto nelle sue svariate tonalit\u00e0.<br \/>\nSi dice che sia il colore del quale possiamo vedere <strong>il pi\u00f9 alto numero di sfumature<\/strong>.<br \/>\nLa tonalit\u00e0 <strong>Cactus<\/strong> \u00e8 avvolgente e <strong>organica<\/strong>.<br \/>\nIndicato per <strong>zone living<\/strong>, trova spazio nell\u2019arredamento moderno, soprattutto nello stile minimal dove pu\u00f2 essere impiegato in accostamento al nero per contrasti accattivanti e decisi.<br \/>\nIl nome Cactus non ci riporta immediatamente alla natura, come avrebbe fatto ad esempio un PANTONE\u00ae Forest Biome, ma al deserto. Ad un ambiente impervio e difficile.<br \/>\nNonostante possa sembrare un colore cupo, proprio le<strong> stagioni fredde 2022-2023<\/strong> potrebbero trovare questo, insieme ad altri verdi, attore protagonista del periodo.[\/vc_column_text][vc_row_inner equal_height=&#8221;yes&#8221; content_placement=&#8221;middle&#8221; el_class=&#8221;immaginearticolo&#8221;][vc_column_inner width=&#8221;1\/4&#8243;][vc_single_image image=&#8221;34249&#8243; img_size=&#8221;&#8221; el_class=&#8221;immagine&#8221;][\/vc_column_inner][vc_column_inner width=&#8221;3\/4&#8243;][vc_empty_space][vc_single_image image=&#8221;34236&#8243; img_size=&#8221;&#8221;][vc_empty_space][\/vc_column_inner][\/vc_row_inner][vc_column_text]<strong>Arancione: PANTONE\u00ae 16-1359 TPG Orange Peel<\/strong><\/p>\n<p>Si tratta di un arancione nutriente e deciso. Dopo la stagione primaverile sui toni pastello, con toni calmi e posati, troviamo una tonalit\u00e0 arancione. Data la sua <strong>forte carica di energia<\/strong>, rappresenta una scelta di vitalit\u00e0 al momento di tinteggiare le pareti di casa.<\/p>\n<p>\u00c8 indicato in studi ed uffici, come del resto per altri colori caldi, in quanto si pensa che stimoli la creativit\u00e0.<\/p>\n<p>Interessante da utilizzare come <strong>punto focale<\/strong> in una casa o un ufficio che tiene colori pi\u00f9 neutri e meno saturi, come i grigi. (vedi foto)<\/p>\n<p>A differenza di come potrebbe suggerire il nome, rispetto a un ambiente food \u00e8 probabilmente pi\u00f9 indicato per <strong>ambienti living<\/strong> o studi.<\/p>\n<p>Una tonalit\u00e0 che ci restituisce <strong>vigore, energia, ispirando<\/strong> a una giovinezza e adolescenza nostalgica, passata, ma che plasma il presente e ci da fiducia.<\/p>\n<p>Pi\u00f9 in generale, simboleggia la creativit\u00e0, l&#8217;armonia ma anche l&#8217;espansione e l&#8217;ambizione. Dal punto di vista fisico, l&#8217;<b>arancione<\/b>\u00a0\u00e8 collegato agli istinti primari come la fame, l&#8217;energia sessuale e il movimento della muscolatura volontaria, quella che noi controlliamo.[\/vc_column_text][vc_row_inner equal_height=&#8221;yes&#8221; content_placement=&#8221;middle&#8221; el_class=&#8221;immaginearticolo&#8221;][vc_column_inner width=&#8221;1\/4&#8243;][vc_single_image image=&#8221;34243&#8243; img_size=&#8221;&#8221; el_class=&#8221;immagine&#8221;][\/vc_column_inner][vc_column_inner width=&#8221;3\/4&#8243;][vc_empty_space][vc_single_image image=&#8221;34214&#8243; img_size=&#8221;&#8221;][vc_empty_space][\/vc_column_inner][\/vc_row_inner][vc_column_text]<strong>Verde Viridiano: PANTONE\u00ae 17-5126 TPX Viridian Green<\/strong><\/p>\n<p>Si tratta di un verde, a volte detto anche verde Veronese, con un peculiare sottotono blu, che lo rende particolarmente affascinante per numerosi utilizzi.<br \/>\nViridian deriva dal latino &#8220;<strong>viridis<\/strong>&#8221; che vuol dire verde.<\/p>\n<p>Parliamo di una sfumatura che si trova a met\u00e0 strada tra il verde acqua e il verde. Quindi un verde con ascendente blu. Entrambi colori che ci fanno pensare in qualche modo alla <strong>natura<\/strong>.<br \/>\nVisivamente potrebbe ricordarvi il color Ottanio (PANTONE\u00ae 321 C) metti code pantone, colore dell&#8217;anno di qualche anno fa e ancora oggi utilizzatissimo.<\/p>\n<p>Questa cromia la vedremo ancora in voga nei living delle case italiane dall&#8217;<strong>autunno 2022-2023<\/strong>.<\/p>\n<p>[\/vc_column_text][vc_row_inner equal_height=&#8221;yes&#8221; content_placement=&#8221;middle&#8221; el_class=&#8221;immaginearticolo&#8221;][vc_column_inner width=&#8221;1\/4&#8243;][vc_single_image image=&#8221;34245&#8243; img_size=&#8221;&#8221; el_class=&#8221;immagine&#8221;][\/vc_column_inner][vc_column_inner width=&#8221;3\/4&#8243;][vc_empty_space][vc_single_image image=&#8221;34217&#8243; img_size=&#8221;&#8221;][vc_empty_space][\/vc_column_inner][\/vc_row_inner][vc_column_text]<strong>I colori della natura: PANTONE\u00ae 16-3525 TPG Regal Orchid<\/strong><\/p>\n<p>Il viola \u00e8 il colore della <strong>nobilt\u00e0 e dell&#8217;eleganza<\/strong>. Non dimentichiamoci l&#8217;utilizzo in ambito clericale o regale di questi colori. Il viola attinge la potenza e la passione dal rosso mentre \u00e8 immerso nella profondit\u00e0 e introspezione del blu. Il risultato \u00e8 un qualcosa di speciale, bilanciato tra due polarit\u00e0 contrastanti, che difficilmente si trova in natura. <span class=\"ILfuVd\"><span class=\"hgKElc\">\u00c8 il <b>colore<\/b> della metamorfosi, del <strong>mistero<\/strong> e della magia. <\/span><\/span><\/p>\n<p>Non a caso il titolo che PANTONE\u00a9 ha assegnato a questa gradazione \u00e8 Regal Orchid, a sottolineare ulteriormente la regalit\u00e0 del colore ma allo stesso tempo la sua naturalezza.<\/p>\n<p>In numerose culture, regalare delle orchidee viola dimostra rispetto e ammirazione.<\/p>\n<p>Tuttavia il viola non \u00e8 un colore per tutti, molti lo considerano troppo vistoso e appariscente. Altri lo amano e lo applicano con grande soddisfazione specie nella <strong>zona notte<\/strong>.<\/p>\n<p>Siamo certi che possa per\u00f2 trovare un nuovo seguito nella prossima stagione invernale, ritrovato in particolare nel pubblico femminile, che da sempre prova un&#8217;attrazione per questa cromia.[\/vc_column_text][vc_row_inner equal_height=&#8221;yes&#8221; content_placement=&#8221;middle&#8221; el_class=&#8221;immaginearticolo&#8221;][vc_column_inner width=&#8221;1\/4&#8243;][vc_single_image image=&#8221;34247&#8243; img_size=&#8221;&#8221; el_class=&#8221;immagine&#8221;][\/vc_column_inner][vc_column_inner width=&#8221;3\/4&#8243;][vc_empty_space][vc_single_image image=&#8221;34220&#8243; img_size=&#8221;&#8221;][vc_empty_space][\/vc_column_inner][\/vc_row_inner][vc_column_text]Al di l\u00e0 della tonalit\u00e0 scelta, per ottenere un look accogliente, pulito e moderno non basta la scelta di una buona vernice o un colore perfetto. Rimane sempre una questione di arredamento, il cui stile deve essere uniforme e di <em>color palette<\/em> complessiva della stanza, che dovrebbe contenere solo certi colori.<\/p>\n<p>Possiamo aggiungere poi che una casa andrebbe pensata col cuore, ascoltando anche l&#8217;istinto, perch\u00e8 saranno le quattro mura dove la sera faremo ritorno dopo il lavoro. Le mura dove troviamo pace e ricarichiamo le batterie per affrontare nuovamente il mondo e dove passiamo il tempo in famiglia.[\/vc_column_text][vc_column_text]<strong>Marco Melosu<\/strong><\/p>\n<p>Art Director, Color Enthusiast[\/vc_column_text][vc_empty_space][vc_column_inner width=&#8221;1\/6&#8243;][\/vc_column_inner][\/vc_column][\/vc_row]<\/p>\n","protected":false},"excerpt":{"rendered":"<p>Tra i colori definiti di tendenza da Pantone\u00a9, noi di Astra Vernici proponiamo alcune tinte per il 2022-2023<\/p>\n","protected":false},"author":1,"featured_media":34164,"comment_status":"open","ping_status":"open","sticky":false,"template":"","format":"standard","meta":{"_mi_skip_tracking":false,"_monsterinsights_sitenote_active":false,"_monsterinsights_sitenote_note":"","_monsterinsights_sitenote_category":0},"categories":[518],"tags":[],"yoast_head":"<!-- This site is optimized with the Yoast SEO Premium plugin v16.0.3 (Yoast SEO v17.6) - https:\/\/yoast.com\/wordpress\/plugins\/seo\/ -->\n<title>Quali sono i colori della Primavera Estate 2022 e Autunno Inverno 2023 ? | Astra Vernici<\/title>\n<meta name=\"robots\" content=\"index, follow, max-snippet:-1, max-image-preview:large, max-video-preview:-1\" \/>\n<link rel=\"canonical\" href=\"https:\/\/www.astravernici.it\/it\/ecco-i-colori-del-2022-2023\/\" \/>\n<meta property=\"og:locale\" content=\"it_IT\" \/>\n<meta property=\"og:type\" content=\"article\" \/>\n<meta property=\"og:title\" content=\"Quali sono i colori della Primavera Estate 2022 e Autunno Inverno 2023 ? | Astra Vernici\" \/>\n<meta property=\"og:description\" content=\"Tra i colori definiti di tendenza da Pantone\u00a9, noi di Astra Vernici proponiamo alcune tinte per il 2022-2023\" \/>\n<meta property=\"og:url\" content=\"https:\/\/www.astravernici.it\/it\/ecco-i-colori-del-2022-2023\/\" \/>\n<meta property=\"og:site_name\" content=\"Astra Vernici\" \/>\n<meta property=\"article:published_time\" content=\"2021-10-08T14:57:25+00:00\" \/>\n<meta property=\"article:modified_time\" content=\"2021-11-24T14:55:53+00:00\" \/>\n<meta property=\"og:image\" content=\"https:\/\/www.astravernici.it\/wp-content\/uploads\/2021\/10\/main_colori2022.jpg\" \/>\n\t<meta property=\"og:image:width\" content=\"2048\" \/>\n\t<meta property=\"og:image:height\" content=\"1196\" \/>\n<meta name=\"twitter:card\" content=\"summary_large_image\" \/>\n<meta name=\"twitter:label1\" content=\"Scritto da\" \/>\n\t<meta name=\"twitter:data1\" content=\"admin\" \/>\n\t<meta name=\"twitter:label2\" content=\"Tempo di lettura stimato\" \/>\n\t<meta name=\"twitter:data2\" content=\"10 minuti\" \/>\n<script type=\"application\/ld+json\" class=\"yoast-schema-graph\">{\"@context\":\"https:\/\/schema.org\",\"@graph\":[{\"@type\":\"Organization\",\"@id\":\"https:\/\/www.astravernici.it\/it\/#organization\",\"name\":\"Astra Vernici\",\"url\":\"https:\/\/www.astravernici.it\/it\/\",\"sameAs\":[],\"logo\":{\"@type\":\"ImageObject\",\"@id\":\"https:\/\/www.astravernici.it\/it\/#logo\",\"inLanguage\":\"it-IT\",\"url\":\"https:\/\/www.astravernici.it\/wp-content\/uploads\/2025\/10\/Logo-_Astra_750x492.svg\",\"contentUrl\":\"https:\/\/www.astravernici.it\/wp-content\/uploads\/2025\/10\/Logo-_Astra_750x492.svg\",\"caption\":\"Astra Vernici\"},\"image\":{\"@id\":\"https:\/\/www.astravernici.it\/it\/#logo\"}},{\"@type\":\"WebSite\",\"@id\":\"https:\/\/www.astravernici.it\/it\/#website\",\"url\":\"https:\/\/www.astravernici.it\/it\/\",\"name\":\"Astra Vernici\",\"description\":\"Your Coating Partner\",\"publisher\":{\"@id\":\"https:\/\/www.astravernici.it\/it\/#organization\"},\"potentialAction\":[{\"@type\":\"SearchAction\",\"target\":{\"@type\":\"EntryPoint\",\"urlTemplate\":\"https:\/\/www.astravernici.it\/it\/?s={search_term_string}\"},\"query-input\":\"required name=search_term_string\"}],\"inLanguage\":\"it-IT\"},{\"@type\":\"ImageObject\",\"@id\":\"https:\/\/www.astravernici.it\/it\/ecco-i-colori-del-2022-2023\/#primaryimage\",\"inLanguage\":\"it-IT\",\"url\":\"https:\/\/www.astravernici.it\/wp-content\/uploads\/2021\/10\/main_colori2022.jpg\",\"contentUrl\":\"https:\/\/www.astravernici.it\/wp-content\/uploads\/2021\/10\/main_colori2022.jpg\",\"width\":2048,\"height\":1196},{\"@type\":\"WebPage\",\"@id\":\"https:\/\/www.astravernici.it\/it\/ecco-i-colori-del-2022-2023\/#webpage\",\"url\":\"https:\/\/www.astravernici.it\/it\/ecco-i-colori-del-2022-2023\/\",\"name\":\"Quali sono i colori della Primavera Estate 2022 e Autunno Inverno 2023 ? | Astra Vernici\",\"isPartOf\":{\"@id\":\"https:\/\/www.astravernici.it\/it\/#website\"},\"primaryImageOfPage\":{\"@id\":\"https:\/\/www.astravernici.it\/it\/ecco-i-colori-del-2022-2023\/#primaryimage\"},\"datePublished\":\"2021-10-08T14:57:25+00:00\",\"dateModified\":\"2021-11-24T14:55:53+00:00\",\"breadcrumb\":{\"@id\":\"https:\/\/www.astravernici.it\/it\/ecco-i-colori-del-2022-2023\/#breadcrumb\"},\"inLanguage\":\"it-IT\",\"potentialAction\":[{\"@type\":\"ReadAction\",\"target\":[\"https:\/\/www.astravernici.it\/it\/ecco-i-colori-del-2022-2023\/\"]}]},{\"@type\":\"BreadcrumbList\",\"@id\":\"https:\/\/www.astravernici.it\/it\/ecco-i-colori-del-2022-2023\/#breadcrumb\",\"itemListElement\":[{\"@type\":\"ListItem\",\"position\":1,\"name\":\"Home\",\"item\":\"https:\/\/www.astravernici.it\/it\/\"},{\"@type\":\"ListItem\",\"position\":2,\"name\":\"Quali sono i colori della Primavera Estate 2022 e Autunno Inverno 2023 ?\"}]},{\"@type\":\"Article\",\"@id\":\"https:\/\/www.astravernici.it\/it\/ecco-i-colori-del-2022-2023\/#article\",\"isPartOf\":{\"@id\":\"https:\/\/www.astravernici.it\/it\/ecco-i-colori-del-2022-2023\/#webpage\"},\"author\":{\"@id\":\"https:\/\/www.astravernici.it\/it\/#\/schema\/person\/1befcb2d75c5d7461dfe8727e0cc2f25\"},\"headline\":\"Quali sono i colori della Primavera Estate 2022 e Autunno Inverno 2023 ?\",\"datePublished\":\"2021-10-08T14:57:25+00:00\",\"dateModified\":\"2021-11-24T14:55:53+00:00\",\"mainEntityOfPage\":{\"@id\":\"https:\/\/www.astravernici.it\/it\/ecco-i-colori-del-2022-2023\/#webpage\"},\"wordCount\":2792,\"commentCount\":0,\"publisher\":{\"@id\":\"https:\/\/www.astravernici.it\/it\/#organization\"},\"image\":{\"@id\":\"https:\/\/www.astravernici.it\/it\/ecco-i-colori-del-2022-2023\/#primaryimage\"},\"thumbnailUrl\":\"https:\/\/www.astravernici.it\/wp-content\/uploads\/2021\/10\/main_colori2022.jpg\",\"articleSection\":[\"News e Approfondimenti\"],\"inLanguage\":\"it-IT\",\"potentialAction\":[{\"@type\":\"CommentAction\",\"name\":\"Comment\",\"target\":[\"https:\/\/www.astravernici.it\/it\/ecco-i-colori-del-2022-2023\/#respond\"]}]},{\"@type\":\"Person\",\"@id\":\"https:\/\/www.astravernici.it\/it\/#\/schema\/person\/1befcb2d75c5d7461dfe8727e0cc2f25\",\"name\":\"admin\",\"image\":{\"@type\":\"ImageObject\",\"@id\":\"https:\/\/www.astravernici.it\/it\/#personlogo\",\"inLanguage\":\"it-IT\",\"url\":\"https:\/\/secure.gravatar.com\/avatar\/62cf4c4e335d983185d7d49781248579?s=96&d=mm&r=g\",\"contentUrl\":\"https:\/\/secure.gravatar.com\/avatar\/62cf4c4e335d983185d7d49781248579?s=96&d=mm&r=g\",\"caption\":\"admin\"}}]}<\/script>\n<!-- \/ Yoast SEO Premium plugin. -->","yoast_head_json":{"title":"Quali sono i colori della Primavera Estate 2022 e Autunno Inverno 2023 ? | Astra Vernici","robots":{"index":"index","follow":"follow","max-snippet":"max-snippet:-1","max-image-preview":"max-image-preview:large","max-video-preview":"max-video-preview:-1"},"canonical":"https:\/\/www.astravernici.it\/it\/ecco-i-colori-del-2022-2023\/","og_locale":"it_IT","og_type":"article","og_title":"Quali sono i colori della Primavera Estate 2022 e Autunno Inverno 2023 ? | Astra Vernici","og_description":"Tra i colori definiti di tendenza da Pantone\u00a9, noi di Astra Vernici proponiamo alcune tinte per il 2022-2023","og_url":"https:\/\/www.astravernici.it\/it\/ecco-i-colori-del-2022-2023\/","og_site_name":"Astra Vernici","article_published_time":"2021-10-08T14:57:25+00:00","article_modified_time":"2021-11-24T14:55:53+00:00","og_image":[{"width":2048,"height":1196,"url":"https:\/\/www.astravernici.it\/wp-content\/uploads\/2021\/10\/main_colori2022.jpg","type":"image\/jpeg"}],"twitter_card":"summary_large_image","twitter_misc":{"Scritto da":"admin","Tempo di lettura stimato":"10 minuti"},"schema":{"@context":"https:\/\/schema.org","@graph":[{"@type":"Organization","@id":"https:\/\/www.astravernici.it\/it\/#organization","name":"Astra Vernici","url":"https:\/\/www.astravernici.it\/it\/","sameAs":[],"logo":{"@type":"ImageObject","@id":"https:\/\/www.astravernici.it\/it\/#logo","inLanguage":"it-IT","url":"https:\/\/www.astravernici.it\/wp-content\/uploads\/2025\/10\/Logo-_Astra_750x492.svg","contentUrl":"https:\/\/www.astravernici.it\/wp-content\/uploads\/2025\/10\/Logo-_Astra_750x492.svg","caption":"Astra Vernici"},"image":{"@id":"https:\/\/www.astravernici.it\/it\/#logo"}},{"@type":"WebSite","@id":"https:\/\/www.astravernici.it\/it\/#website","url":"https:\/\/www.astravernici.it\/it\/","name":"Astra Vernici","description":"Your Coating Partner","publisher":{"@id":"https:\/\/www.astravernici.it\/it\/#organization"},"potentialAction":[{"@type":"SearchAction","target":{"@type":"EntryPoint","urlTemplate":"https:\/\/www.astravernici.it\/it\/?s={search_term_string}"},"query-input":"required name=search_term_string"}],"inLanguage":"it-IT"},{"@type":"ImageObject","@id":"https:\/\/www.astravernici.it\/it\/ecco-i-colori-del-2022-2023\/#primaryimage","inLanguage":"it-IT","url":"https:\/\/www.astravernici.it\/wp-content\/uploads\/2021\/10\/main_colori2022.jpg","contentUrl":"https:\/\/www.astravernici.it\/wp-content\/uploads\/2021\/10\/main_colori2022.jpg","width":2048,"height":1196},{"@type":"WebPage","@id":"https:\/\/www.astravernici.it\/it\/ecco-i-colori-del-2022-2023\/#webpage","url":"https:\/\/www.astravernici.it\/it\/ecco-i-colori-del-2022-2023\/","name":"Quali sono i colori della Primavera Estate 2022 e Autunno Inverno 2023 ? | Astra Vernici","isPartOf":{"@id":"https:\/\/www.astravernici.it\/it\/#website"},"primaryImageOfPage":{"@id":"https:\/\/www.astravernici.it\/it\/ecco-i-colori-del-2022-2023\/#primaryimage"},"datePublished":"2021-10-08T14:57:25+00:00","dateModified":"2021-11-24T14:55:53+00:00","breadcrumb":{"@id":"https:\/\/www.astravernici.it\/it\/ecco-i-colori-del-2022-2023\/#breadcrumb"},"inLanguage":"it-IT","potentialAction":[{"@type":"ReadAction","target":["https:\/\/www.astravernici.it\/it\/ecco-i-colori-del-2022-2023\/"]}]},{"@type":"BreadcrumbList","@id":"https:\/\/www.astravernici.it\/it\/ecco-i-colori-del-2022-2023\/#breadcrumb","itemListElement":[{"@type":"ListItem","position":1,"name":"Home","item":"https:\/\/www.astravernici.it\/it\/"},{"@type":"ListItem","position":2,"name":"Quali sono i colori della Primavera Estate 2022 e Autunno Inverno 2023 ?"}]},{"@type":"Article","@id":"https:\/\/www.astravernici.it\/it\/ecco-i-colori-del-2022-2023\/#article","isPartOf":{"@id":"https:\/\/www.astravernici.it\/it\/ecco-i-colori-del-2022-2023\/#webpage"},"author":{"@id":"https:\/\/www.astravernici.it\/it\/#\/schema\/person\/1befcb2d75c5d7461dfe8727e0cc2f25"},"headline":"Quali sono i colori della Primavera Estate 2022 e Autunno Inverno 2023 ?","datePublished":"2021-10-08T14:57:25+00:00","dateModified":"2021-11-24T14:55:53+00:00","mainEntityOfPage":{"@id":"https:\/\/www.astravernici.it\/it\/ecco-i-colori-del-2022-2023\/#webpage"},"wordCount":2792,"commentCount":0,"publisher":{"@id":"https:\/\/www.astravernici.it\/it\/#organization"},"image":{"@id":"https:\/\/www.astravernici.it\/it\/ecco-i-colori-del-2022-2023\/#primaryimage"},"thumbnailUrl":"https:\/\/www.astravernici.it\/wp-content\/uploads\/2021\/10\/main_colori2022.jpg","articleSection":["News e Approfondimenti"],"inLanguage":"it-IT","potentialAction":[{"@type":"CommentAction","name":"Comment","target":["https:\/\/www.astravernici.it\/it\/ecco-i-colori-del-2022-2023\/#respond"]}]},{"@type":"Person","@id":"https:\/\/www.astravernici.it\/it\/#\/schema\/person\/1befcb2d75c5d7461dfe8727e0cc2f25","name":"admin","image":{"@type":"ImageObject","@id":"https:\/\/www.astravernici.it\/it\/#personlogo","inLanguage":"it-IT","url":"https:\/\/secure.gravatar.com\/avatar\/62cf4c4e335d983185d7d49781248579?s=96&d=mm&r=g","contentUrl":"https:\/\/secure.gravatar.com\/avatar\/62cf4c4e335d983185d7d49781248579?s=96&d=mm&r=g","caption":"admin"}}]}},"_links":{"self":[{"href":"https:\/\/www.astravernici.it\/it\/wp-json\/wp\/v2\/posts\/34172"}],"collection":[{"href":"https:\/\/www.astravernici.it\/it\/wp-json\/wp\/v2\/posts"}],"about":[{"href":"https:\/\/www.astravernici.it\/it\/wp-json\/wp\/v2\/types\/post"}],"author":[{"embeddable":true,"href":"https:\/\/www.astravernici.it\/it\/wp-json\/wp\/v2\/users\/1"}],"replies":[{"embeddable":true,"href":"https:\/\/www.astravernici.it\/it\/wp-json\/wp\/v2\/comments?post=34172"}],"version-history":[{"count":0,"href":"https:\/\/www.astravernici.it\/it\/wp-json\/wp\/v2\/posts\/34172\/revisions"}],"wp:featuredmedia":[{"embeddable":true,"href":"https:\/\/www.astravernici.it\/it\/wp-json\/wp\/v2\/media\/34164"}],"wp:attachment":[{"href":"https:\/\/www.astravernici.it\/it\/wp-json\/wp\/v2\/media?parent=34172"}],"wp:term":[{"taxonomy":"category","embeddable":true,"href":"https:\/\/www.astravernici.it\/it\/wp-json\/wp\/v2\/categories?post=34172"},{"taxonomy":"post_tag","embeddable":true,"href":"https:\/\/www.astravernici.it\/it\/wp-json\/wp\/v2\/tags?post=34172"}],"curies":[{"name":"wp","href":"https:\/\/api.w.org\/{rel}","templated":true}]}}