{"id":34005,"date":"2021-09-08T10:26:10","date_gmt":"2021-09-08T08:26:10","guid":{"rendered":"https:\/\/www.astravernici.it\/?p=34005"},"modified":"2021-11-24T15:57:14","modified_gmt":"2021-11-24T14:57:14","slug":"innovazione-le-nostre-nuove-vernici-materiche","status":"publish","type":"post","link":"https:\/\/www.astravernici.it\/it\/innovazione-le-nostre-nuove-vernici-materiche\/","title":{"rendered":"Innovazione: Le nostre nuove vernici Materiche"},"content":{"rendered":"<p>[vc_row][vc_column][vc_empty_space height=&#8221;52px&#8221;][vc_column_text]<\/p>\n<h2 style=\"font-size: 22px;\"><strong>Le vernici ad effetto Madreperla Martellato &#8220;Hammertone&#8221;<\/strong><\/h2>\n<p>L\u2019effetto MADREPERLA MARTELLATO, detto anche HAMMERTONE, viene utilizzato per conferire ad ogni superficie (legno, plastica, vetro, ecc.) un realistico tocco di eleganza tramite l&#8217;aspetto \u201ca gocce iridescenti\u201d.<\/p>\n<p>L\u2019applicazione della vernice ad effetto HAMMERTONE \u00e8 semplicissima e richiede solo dei banali accorgimenti in fase di applicazione e ben riprodotti nel video-tutorial disponile qui sotto.<\/p>\n<p>Ci\u00f2 rende questa vernice perfetta per uso sia industriale sia artigianale, con potenzialit\u00e0 virtualmente illimitate.<\/p>\n<p>La nostra vernice ad <strong>effetto Hammertone<\/strong> nasce dall&#8217;esigenza e dalla volont\u00e0 di far tornare protagonista nella verniciatura la finitura estetica.<\/p>\n<p>Negli ultimi anni ci siamo soffermati sul rafforzare principalmente l&#8217;aspetto funzionale di una vernice: per esempio, una finitura pu\u00f2 avere grandi capacit\u00e0 dal punto di vista tecnico ma non si ci deve dimenticare di quello che \u00e8 l&#8217;elemento pi\u00f9 tangibile: l&#8217;aspetto estetico perch\u00e9 &#8220;l&#8217;occhio vuole sempre la sua parte&#8221;.<\/p>\n<p>Grazie alla particolare formulazione esclusiva, \u00e8 possibile ottenere un vero effetto &#8220;madreperla&#8221;.<\/p>\n<p>\u00c8 un effetto allo stesso tempo particolare e sontuoso.[\/vc_column_text][\/vc_column][\/vc_row][vc_row full_width=&#8221;stretch_row&#8221; gap=&#8221;35&#8243; equal_height=&#8221;yes&#8221; content_placement=&#8221;middle&#8221; el_class=&#8221;blu&#8221;][vc_column width=&#8221;1\/2&#8243;][vc_empty_space][vc_column_text]<\/p>\n<p style=\"font-size: 20px; text-transform: uppercase;\"><strong>Applicazione<\/strong><\/p>\n<p style=\"font-size: 16px; text-transform: uppercase;\"><strong>Basi<\/strong><\/p>\n<p>In sostanza, dopo l&#8217;applicazione delle base pigmentata, si attendono circa 12 ore.<\/p>\n<p>Poi, si deve carteggiare e spolverare la superficie per eliminare eventuali residui di carteggiatura.<\/p>\n<p>Quindi, si applica il sottosmalto colorato. Ovviamente a seconda del colore applicato si ottengono effetti diversi.<\/p>\n<p>&nbsp;<\/p>\n<p style=\"font-size: 16px; text-transform: uppercase;\"><strong>Attivazione effetto martellato<\/strong><\/p>\n<p>Il giorno dopo, senza ulteriore carteggiatura e tramite normalissimo aerografo si applica una piccola quantit\u00e0 di ES MILKY WAY (effetto madreperla). L&#8217;applicazione deve avvenire tramite pistola a tazza con poca aria per permettere la fuoriuscita del prodotto in micro-gocce anzich\u00e9 in forma nebulizzata.<\/p>\n<p>Si attendono poi 24 ore.<\/p>\n<p>&nbsp;<\/p>\n<p style=\"font-size: 16px; text-transform: uppercase;\"><strong>Finitura<\/strong><\/p>\n<p>Trascorse 24 ore, si applica una mano leggera di finitura acrilica trasparente nell&#8217;opacit\u00e0 desiderata. Si attende l&#8217;essiccazione della finitura (12 ore) e si ottiene l&#8217;effetto martellato, ovvero un effetto disomogeneo, che abbiamo concepito per rendere unico ogni manufatto del cliente. Non avremo mai due pezzi uguali.<\/p>\n<p>Abbiamo dato al verniciatore finale la possibilit\u00e0 di creare dei prodotti in base al suo estro.<\/p>\n<p>Quindi il cliente e il verniciatore finale non saranno pi\u00f9 solo un mezzo per arrivare alla fine ma saranno veri e propri creatori di effetti.[\/vc_column_text][vc_empty_space][\/vc_column][vc_column width=&#8221;1\/2&#8243;][vc_row_inner][vc_column_inner css=&#8221;.vc_custom_1623675543105{padding-top: 200px !important;padding-bottom: 200px !important;background-image: url(https:\/\/www.astravernici.it\/wp-content\/uploads\/2021\/06\/madreperla_martellatohammertone.jpg?id=33766) !important;background-position: center !important;background-repeat: no-repeat !important;background-size: contain !important;}&#8221;][vc_single_image image=&#8221;33563&#8243; img_size=&#8221;full&#8221; alignment=&#8221;center&#8221; onclick=&#8221;custom_link&#8221; css_animation=&#8221;bottom-to-top&#8221; link=&#8221;javascript:;&#8221; el_class=&#8221;fancy&#8221; css=&#8221;.vc_custom_1622217202375{margin-bottom: 0px !important;padding-top: 0px !important;}&#8221;][vc_raw_js]JTNDc2NyaXB0JTNFJTBBJTBBdmFyJTIwcmVhZHklMjAlM0QlMjAlMjhjYWxsYmFjayUyOSUyMCUzRCUzRSUyMCU3QiUwQSUwOWlmJTIwJTI4ZG9jdW1lbnQucmVhZHlTdGF0ZSUyMCUyMSUzRCUyMCUyMmxvYWRpbmclMjIlMjklMjBjYWxsYmFjayUyOCUyOSUzQiUwQSUwOWVsc2UlMjBkb2N1bWVudC5hZGRFdmVudExpc3RlbmVyJTI4JTIyRE9NQ29udGVudExvYWRlZCUyMiUyQyUyMGNhbGxiYWNrJTI5JTNCJTBBJTdEJTNCJTBBJTBBcmVhZHklMjglMjglMjklMjAlM0QlM0UlMjAlN0IlMEElMDlpZiUyMCUyOGRvY3VtZW50LnF1ZXJ5U2VsZWN0b3IlMjglMjIlMjN2Y19pbmxpbmUtZnJhbWUlMjIlMjklMjklMjByZXR1cm4lM0IlMEElMEElMDl2YXIlMjBlbGVtJTIwJTNEJTIwZG9jdW1lbnQucXVlcnlTZWxlY3RvciUyOCUyMi5mYW5jeSUyMGElMjIlMjklM0IlMEElMDllbGVtLnNldEF0dHJpYnV0ZSUyOCUyN2RhdGEtZmFuY3lib3glMjclMkMlMjAlMjclMjclMjklM0IlMEElMDklMEElMDllbGVtLnNldEF0dHJpYnV0ZSUyOCUyN2RhdGEtc3JjJTI3JTJDJTIwJTI3aHR0cHMlM0ElMkYlMkZ3d3cueW91dHViZS5jb20lMkZ3YXRjaCUzRnYlM0RScFJBS3Eyc2ZpOCUyNyUyOSUzQiUwQSU3RCUyOSUzQiUwQSUwQSUzQyUyRnNjcmlwdCUzRQ==[\/vc_raw_js][\/vc_column_inner][\/vc_row_inner][\/vc_column][\/vc_row][vc_row][vc_column][vc_empty_space height=&#8221;52px&#8221;][vc_column_text]<\/p>\n<h3 style=\"font-size: 22px;\"><strong>La vernice ad effetto Madreperla &#8220;Milky Way&#8221;<br \/>\n<\/strong><\/h3>\n<p>Oltre all&#8217;effetto visto in precedenza, \u00e8 ovviamente possibile realizzare anche l&#8217;effetto nuvolato ma &#8220;non martellato&#8221;.<\/p>\n<p>Si realizza con la nuovissima finitura bicomponente a base solvente ES MILKY WAY, realizzata da Astra Vernici, impiegata per ottenere l\u2019effetto madreperla iridescente.<\/p>\n<p>Questo effetto viene chiamato \u201cmadreperla nuvolato\u201d.<\/p>\n<p>Questo particolare effetto MADREPERLA &#8220;mosso&#8221;, chiamato anche &#8220;MILKY WAY&#8221; si pu\u00f2 realizzare su ogni superficie (legno, plastica, vetro, ecc.) per ottenere uno stile originale ed elegante, con aspetto finale \u201ca nuvole iridescenti\u201d, che riproduce fedelmente la vera madreperla.<\/p>\n<p>Per certi versi, grazie anche ai giochi di luce, questo ricorda le nuvole e qualcosa di angelico, splendente.<\/p>\n<p>L\u2019applicazione non richiede complicati accorgimenti in fase di realizzo, ma i passi necessari alla corretta applicazione sono da seguire attentamente. Il tutto \u00e8 mostrato nel video-tutorial qui sotto.<\/p>\n<p>Questo rende questa vernice perfetta sia per uso industriale sia artigianale, dove le potenziali applicazioni sono virtualmente illimitate.<\/p>\n<p>La nostra vernice ad effetto Madreperla (Milky Way) nasce come soluzione a chi cerca un&#8217;alta resa applicativa unita al comfort al tatto e alla piacevole e avvolgente superficie.[\/vc_column_text][vc_empty_space][\/vc_column][\/vc_row][vc_row full_width=&#8221;stretch_row&#8221; gap=&#8221;35&#8243; equal_height=&#8221;yes&#8221; content_placement=&#8221;middle&#8221; el_class=&#8221;blu&#8221;][vc_column width=&#8221;1\/2&#8243;][vc_empty_space][vc_column_text]<\/p>\n<p style=\"font-size: 20px; text-transform: uppercase;\"><strong>Applicazione<\/strong><\/p>\n<p style=\"font-size: 16px; text-transform: uppercase;\"><strong>Basi<\/strong><\/p>\n<p>In sostanza, dopo l&#8217;applicazione delle base pigmentata, si attendono circa 12 ore.<\/p>\n<p>Alla fine di questi si deve carteggiare e spolverare la superficie per eliminare eventuali residui.<\/p>\n<p>Si applica poi il sottosmalto colorato. Ovviamente a seconda del colore applicato si ottengono effetti diversi.<\/p>\n<p>&nbsp;<\/p>\n<p style=\"font-size: 16px; text-transform: uppercase;\"><strong>Effetto speciale<\/strong><\/p>\n<p>Il giorno dopo possiamo applicare (sempre a spruzzo) la vernice effetto MILKY WAY.<\/p>\n<p>&nbsp;<\/p>\n<p style=\"font-size: 16px; text-transform: uppercase;\"><strong>Finiture<\/strong><\/p>\n<p>Attendiamo 24 ore, poi applichiamo a spruzzo una mano leggera di finitura acrilica trasparente dell&#8217;opacit\u00e0 desiderata.<\/p>\n<p>Attendiamo 6 ore (ambiente ventilato).<\/p>\n<p>Abbiamo ottenuto il prodotto finito.<\/p>\n<p>Un prodotto uniforme, creato per rendere unico ogni manufatto del cliente piacevole alla vista e al tatto, oltre che duraturo.<\/p>\n<p>Quindi il cliente e il verniciatore finale non saranno pi\u00f9 solo un mezzo per arrivare alla fine ma saranno veri e propri creatori di effetti.[\/vc_column_text][vc_empty_space][\/vc_column][vc_column width=&#8221;1\/2&#8243;][vc_row_inner][vc_column_inner css=&#8221;.vc_custom_1632230549589{padding-top: 200px !important;padding-bottom: 200px !important;background-image: url(https:\/\/www.astravernici.it\/wp-content\/uploads\/2021\/06\/madreperla_milky-way.jpg?id=33764) !important;background-position: center !important;background-repeat: no-repeat !important;background-size: contain !important;}&#8221;][vc_single_image image=&#8221;33563&#8243; img_size=&#8221;full&#8221; alignment=&#8221;center&#8221; onclick=&#8221;custom_link&#8221; css_animation=&#8221;bottom-to-top&#8221; link=&#8221;javascript:;&#8221; el_class=&#8221;fancyb&#8221; css=&#8221;.vc_custom_1632298084219{margin-bottom: 0px !important;padding-top: 0px !important;}&#8221;][vc_raw_js]JTNDc2NyaXB0JTNFJTBBJTBBdmFyJTIwcmVhZHklMjAlM0QlMjAlMjhjYWxsYmFjayUyOSUyMCUzRCUzRSUyMCU3QiUwQSUwOWlmJTIwJTI4ZG9jdW1lbnQucmVhZHlTdGF0ZSUyMCUyMSUzRCUyMCUyMmxvYWRpbmclMjIlMjklMjBjYWxsYmFjayUyOCUyOSUzQiUwQSUwOWVsc2UlMjBkb2N1bWVudC5hZGRFdmVudExpc3RlbmVyJTI4JTIyRE9NQ29udGVudExvYWRlZCUyMiUyQyUyMGNhbGxiYWNrJTI5JTNCJTBBJTdEJTNCJTBBJTBBcmVhZHklMjglMjglMjklMjAlM0QlM0UlMjAlN0IlMEElMDlpZiUyMCUyOGRvY3VtZW50LnF1ZXJ5U2VsZWN0b3IlMjglMjIlMjN2Y19pbmxpbmUtZnJhbWUlMjIlMjklMjklMjByZXR1cm4lM0IlMEElMEElMDl2YXIlMjBlbGVtJTIwJTNEJTIwZG9jdW1lbnQucXVlcnlTZWxlY3RvciUyOCUyMi5mYW5jeWIlMjIlMjklM0IlMEElMDllbGVtLnNldEF0dHJpYnV0ZSUyOCUyN2RhdGEtZmFuY3lib3glMjclMkMlMjAlMjclMjclMjklM0IlMEElMDklMEElMDllbGVtLnNldEF0dHJpYnV0ZSUyOCUyN2RhdGEtc3JjJTI3JTJDJTIwJTI3aHR0cHMlM0ElMkYlMkZ3d3cueW91dHViZS5jb20lMkZ3YXRjaCUzRnYlM0RiX1F1Tm9FVWxhSSUyNyUyOSUzQiUwQSU3RCUyOSUzQiUwQSUwQSUzQyUyRnNjcmlwdCUzRQ==[\/vc_raw_js][\/vc_column_inner][\/vc_row_inner][\/vc_column][\/vc_row]<\/p>\n","protected":false},"excerpt":{"rendered":"<p>Queste vernici sono perfette sia per uso industriale che artigianale, con potenziale virtualmente illimitato.<\/p>\n","protected":false},"author":1,"featured_media":34070,"comment_status":"open","ping_status":"open","sticky":false,"template":"","format":"standard","meta":{"_mi_skip_tracking":false,"_monsterinsights_sitenote_active":false,"_monsterinsights_sitenote_note":"","_monsterinsights_sitenote_category":0},"categories":[518],"tags":[],"yoast_head":"<!-- This site is optimized with the Yoast SEO Premium plugin v16.0.3 (Yoast SEO v17.6) - https:\/\/yoast.com\/wordpress\/plugins\/seo\/ -->\n<title>Innovazione: Le nostre nuove vernici Materiche | Astra Vernici<\/title>\n<meta name=\"description\" content=\"Il Made in Italy di Astra Vernici \u00e8 presente nel mondo in oltre 40 paesi, con una quota di export sulle vendite pari a 2 terzi del totale.\" \/>\n<meta name=\"robots\" content=\"index, follow, max-snippet:-1, max-image-preview:large, max-video-preview:-1\" \/>\n<link rel=\"canonical\" href=\"https:\/\/www.astravernici.it\/it\/innovazione-le-nostre-nuove-vernici-materiche\/\" \/>\n<meta property=\"og:locale\" content=\"it_IT\" \/>\n<meta property=\"og:type\" content=\"article\" \/>\n<meta property=\"og:title\" content=\"Innovazione: Le nostre nuove vernici Materiche | Astra Vernici\" \/>\n<meta property=\"og:description\" content=\"Il Made in Italy di Astra Vernici \u00e8 presente nel mondo in oltre 40 paesi, con una quota di export sulle vendite pari a 2 terzi del totale.\" \/>\n<meta property=\"og:url\" content=\"https:\/\/www.astravernici.it\/it\/innovazione-le-nostre-nuove-vernici-materiche\/\" \/>\n<meta property=\"og:site_name\" content=\"Astra Vernici\" \/>\n<meta property=\"article:published_time\" content=\"2021-09-08T08:26:10+00:00\" \/>\n<meta property=\"article:modified_time\" content=\"2021-11-24T14:57:14+00:00\" \/>\n<meta property=\"og:image\" content=\"https:\/\/www.astravernici.it\/wp-content\/uploads\/2021\/09\/astra_blog_madreperla_thumb.jpg\" \/>\n\t<meta property=\"og:image:width\" content=\"1280\" \/>\n\t<meta property=\"og:image:height\" content=\"748\" \/>\n<meta name=\"twitter:card\" content=\"summary_large_image\" \/>\n<meta name=\"twitter:label1\" content=\"Scritto da\" \/>\n\t<meta name=\"twitter:data1\" content=\"admin\" \/>\n\t<meta name=\"twitter:label2\" content=\"Tempo di lettura stimato\" \/>\n\t<meta name=\"twitter:data2\" content=\"5 minuti\" \/>\n<script type=\"application\/ld+json\" class=\"yoast-schema-graph\">{\"@context\":\"https:\/\/schema.org\",\"@graph\":[{\"@type\":\"Organization\",\"@id\":\"https:\/\/www.astravernici.it\/it\/#organization\",\"name\":\"Astra Vernici\",\"url\":\"https:\/\/www.astravernici.it\/it\/\",\"sameAs\":[],\"logo\":{\"@type\":\"ImageObject\",\"@id\":\"https:\/\/www.astravernici.it\/it\/#logo\",\"inLanguage\":\"it-IT\",\"url\":\"https:\/\/www.astravernici.it\/wp-content\/uploads\/2025\/10\/Logo-_Astra_750x492.svg\",\"contentUrl\":\"https:\/\/www.astravernici.it\/wp-content\/uploads\/2025\/10\/Logo-_Astra_750x492.svg\",\"caption\":\"Astra Vernici\"},\"image\":{\"@id\":\"https:\/\/www.astravernici.it\/it\/#logo\"}},{\"@type\":\"WebSite\",\"@id\":\"https:\/\/www.astravernici.it\/it\/#website\",\"url\":\"https:\/\/www.astravernici.it\/it\/\",\"name\":\"Astra Vernici\",\"description\":\"Your Coating Partner\",\"publisher\":{\"@id\":\"https:\/\/www.astravernici.it\/it\/#organization\"},\"potentialAction\":[{\"@type\":\"SearchAction\",\"target\":{\"@type\":\"EntryPoint\",\"urlTemplate\":\"https:\/\/www.astravernici.it\/it\/?s={search_term_string}\"},\"query-input\":\"required name=search_term_string\"}],\"inLanguage\":\"it-IT\"},{\"@type\":\"ImageObject\",\"@id\":\"https:\/\/www.astravernici.it\/it\/innovazione-le-nostre-nuove-vernici-materiche\/#primaryimage\",\"inLanguage\":\"it-IT\",\"url\":\"https:\/\/www.astravernici.it\/wp-content\/uploads\/2021\/09\/astra_blog_madreperla_thumb.jpg\",\"contentUrl\":\"https:\/\/www.astravernici.it\/wp-content\/uploads\/2021\/09\/astra_blog_madreperla_thumb.jpg\",\"width\":1280,\"height\":748},{\"@type\":\"WebPage\",\"@id\":\"https:\/\/www.astravernici.it\/it\/innovazione-le-nostre-nuove-vernici-materiche\/#webpage\",\"url\":\"https:\/\/www.astravernici.it\/it\/innovazione-le-nostre-nuove-vernici-materiche\/\",\"name\":\"Innovazione: Le nostre nuove vernici Materiche | Astra Vernici\",\"isPartOf\":{\"@id\":\"https:\/\/www.astravernici.it\/it\/#website\"},\"primaryImageOfPage\":{\"@id\":\"https:\/\/www.astravernici.it\/it\/innovazione-le-nostre-nuove-vernici-materiche\/#primaryimage\"},\"datePublished\":\"2021-09-08T08:26:10+00:00\",\"dateModified\":\"2021-11-24T14:57:14+00:00\",\"description\":\"Il Made in Italy di Astra Vernici \\u00e8 presente nel mondo in oltre 40 paesi, con una quota di export sulle vendite pari a 2 terzi del totale.\",\"breadcrumb\":{\"@id\":\"https:\/\/www.astravernici.it\/it\/innovazione-le-nostre-nuove-vernici-materiche\/#breadcrumb\"},\"inLanguage\":\"it-IT\",\"potentialAction\":[{\"@type\":\"ReadAction\",\"target\":[\"https:\/\/www.astravernici.it\/it\/innovazione-le-nostre-nuove-vernici-materiche\/\"]}]},{\"@type\":\"BreadcrumbList\",\"@id\":\"https:\/\/www.astravernici.it\/it\/innovazione-le-nostre-nuove-vernici-materiche\/#breadcrumb\",\"itemListElement\":[{\"@type\":\"ListItem\",\"position\":1,\"name\":\"Home\",\"item\":\"https:\/\/www.astravernici.it\/it\/\"},{\"@type\":\"ListItem\",\"position\":2,\"name\":\"Innovazione: Le nostre nuove vernici Materiche\"}]},{\"@type\":\"Article\",\"@id\":\"https:\/\/www.astravernici.it\/it\/innovazione-le-nostre-nuove-vernici-materiche\/#article\",\"isPartOf\":{\"@id\":\"https:\/\/www.astravernici.it\/it\/innovazione-le-nostre-nuove-vernici-materiche\/#webpage\"},\"author\":{\"@id\":\"https:\/\/www.astravernici.it\/it\/#\/schema\/person\/1befcb2d75c5d7461dfe8727e0cc2f25\"},\"headline\":\"Innovazione: Le nostre nuove vernici Materiche\",\"datePublished\":\"2021-09-08T08:26:10+00:00\",\"dateModified\":\"2021-11-24T14:57:14+00:00\",\"mainEntityOfPage\":{\"@id\":\"https:\/\/www.astravernici.it\/it\/innovazione-le-nostre-nuove-vernici-materiche\/#webpage\"},\"wordCount\":1068,\"commentCount\":0,\"publisher\":{\"@id\":\"https:\/\/www.astravernici.it\/it\/#organization\"},\"image\":{\"@id\":\"https:\/\/www.astravernici.it\/it\/innovazione-le-nostre-nuove-vernici-materiche\/#primaryimage\"},\"thumbnailUrl\":\"https:\/\/www.astravernici.it\/wp-content\/uploads\/2021\/09\/astra_blog_madreperla_thumb.jpg\",\"articleSection\":[\"News e Approfondimenti\"],\"inLanguage\":\"it-IT\",\"potentialAction\":[{\"@type\":\"CommentAction\",\"name\":\"Comment\",\"target\":[\"https:\/\/www.astravernici.it\/it\/innovazione-le-nostre-nuove-vernici-materiche\/#respond\"]}]},{\"@type\":\"Person\",\"@id\":\"https:\/\/www.astravernici.it\/it\/#\/schema\/person\/1befcb2d75c5d7461dfe8727e0cc2f25\",\"name\":\"admin\",\"image\":{\"@type\":\"ImageObject\",\"@id\":\"https:\/\/www.astravernici.it\/it\/#personlogo\",\"inLanguage\":\"it-IT\",\"url\":\"https:\/\/secure.gravatar.com\/avatar\/62cf4c4e335d983185d7d49781248579?s=96&d=mm&r=g\",\"contentUrl\":\"https:\/\/secure.gravatar.com\/avatar\/62cf4c4e335d983185d7d49781248579?s=96&d=mm&r=g\",\"caption\":\"admin\"}}]}<\/script>\n<!-- \/ Yoast SEO Premium plugin. -->","yoast_head_json":{"title":"Innovazione: Le nostre nuove vernici Materiche | Astra Vernici","description":"Il Made in Italy di Astra Vernici \u00e8 presente nel mondo in oltre 40 paesi, con una quota di export sulle vendite pari a 2 terzi del totale.","robots":{"index":"index","follow":"follow","max-snippet":"max-snippet:-1","max-image-preview":"max-image-preview:large","max-video-preview":"max-video-preview:-1"},"canonical":"https:\/\/www.astravernici.it\/it\/innovazione-le-nostre-nuove-vernici-materiche\/","og_locale":"it_IT","og_type":"article","og_title":"Innovazione: Le nostre nuove vernici Materiche | Astra Vernici","og_description":"Il Made in Italy di Astra Vernici \u00e8 presente nel mondo in oltre 40 paesi, con una quota di export sulle vendite pari a 2 terzi del totale.","og_url":"https:\/\/www.astravernici.it\/it\/innovazione-le-nostre-nuove-vernici-materiche\/","og_site_name":"Astra Vernici","article_published_time":"2021-09-08T08:26:10+00:00","article_modified_time":"2021-11-24T14:57:14+00:00","og_image":[{"width":1280,"height":748,"url":"https:\/\/www.astravernici.it\/wp-content\/uploads\/2021\/09\/astra_blog_madreperla_thumb.jpg","type":"image\/jpeg"}],"twitter_card":"summary_large_image","twitter_misc":{"Scritto da":"admin","Tempo di lettura stimato":"5 minuti"},"schema":{"@context":"https:\/\/schema.org","@graph":[{"@type":"Organization","@id":"https:\/\/www.astravernici.it\/it\/#organization","name":"Astra Vernici","url":"https:\/\/www.astravernici.it\/it\/","sameAs":[],"logo":{"@type":"ImageObject","@id":"https:\/\/www.astravernici.it\/it\/#logo","inLanguage":"it-IT","url":"https:\/\/www.astravernici.it\/wp-content\/uploads\/2025\/10\/Logo-_Astra_750x492.svg","contentUrl":"https:\/\/www.astravernici.it\/wp-content\/uploads\/2025\/10\/Logo-_Astra_750x492.svg","caption":"Astra Vernici"},"image":{"@id":"https:\/\/www.astravernici.it\/it\/#logo"}},{"@type":"WebSite","@id":"https:\/\/www.astravernici.it\/it\/#website","url":"https:\/\/www.astravernici.it\/it\/","name":"Astra Vernici","description":"Your Coating Partner","publisher":{"@id":"https:\/\/www.astravernici.it\/it\/#organization"},"potentialAction":[{"@type":"SearchAction","target":{"@type":"EntryPoint","urlTemplate":"https:\/\/www.astravernici.it\/it\/?s={search_term_string}"},"query-input":"required name=search_term_string"}],"inLanguage":"it-IT"},{"@type":"ImageObject","@id":"https:\/\/www.astravernici.it\/it\/innovazione-le-nostre-nuove-vernici-materiche\/#primaryimage","inLanguage":"it-IT","url":"https:\/\/www.astravernici.it\/wp-content\/uploads\/2021\/09\/astra_blog_madreperla_thumb.jpg","contentUrl":"https:\/\/www.astravernici.it\/wp-content\/uploads\/2021\/09\/astra_blog_madreperla_thumb.jpg","width":1280,"height":748},{"@type":"WebPage","@id":"https:\/\/www.astravernici.it\/it\/innovazione-le-nostre-nuove-vernici-materiche\/#webpage","url":"https:\/\/www.astravernici.it\/it\/innovazione-le-nostre-nuove-vernici-materiche\/","name":"Innovazione: Le nostre nuove vernici Materiche | Astra Vernici","isPartOf":{"@id":"https:\/\/www.astravernici.it\/it\/#website"},"primaryImageOfPage":{"@id":"https:\/\/www.astravernici.it\/it\/innovazione-le-nostre-nuove-vernici-materiche\/#primaryimage"},"datePublished":"2021-09-08T08:26:10+00:00","dateModified":"2021-11-24T14:57:14+00:00","description":"Il Made in Italy di Astra Vernici \u00e8 presente nel mondo in oltre 40 paesi, con una quota di export sulle vendite pari a 2 terzi del totale.","breadcrumb":{"@id":"https:\/\/www.astravernici.it\/it\/innovazione-le-nostre-nuove-vernici-materiche\/#breadcrumb"},"inLanguage":"it-IT","potentialAction":[{"@type":"ReadAction","target":["https:\/\/www.astravernici.it\/it\/innovazione-le-nostre-nuove-vernici-materiche\/"]}]},{"@type":"BreadcrumbList","@id":"https:\/\/www.astravernici.it\/it\/innovazione-le-nostre-nuove-vernici-materiche\/#breadcrumb","itemListElement":[{"@type":"ListItem","position":1,"name":"Home","item":"https:\/\/www.astravernici.it\/it\/"},{"@type":"ListItem","position":2,"name":"Innovazione: Le nostre nuove vernici Materiche"}]},{"@type":"Article","@id":"https:\/\/www.astravernici.it\/it\/innovazione-le-nostre-nuove-vernici-materiche\/#article","isPartOf":{"@id":"https:\/\/www.astravernici.it\/it\/innovazione-le-nostre-nuove-vernici-materiche\/#webpage"},"author":{"@id":"https:\/\/www.astravernici.it\/it\/#\/schema\/person\/1befcb2d75c5d7461dfe8727e0cc2f25"},"headline":"Innovazione: Le nostre nuove vernici Materiche","datePublished":"2021-09-08T08:26:10+00:00","dateModified":"2021-11-24T14:57:14+00:00","mainEntityOfPage":{"@id":"https:\/\/www.astravernici.it\/it\/innovazione-le-nostre-nuove-vernici-materiche\/#webpage"},"wordCount":1068,"commentCount":0,"publisher":{"@id":"https:\/\/www.astravernici.it\/it\/#organization"},"image":{"@id":"https:\/\/www.astravernici.it\/it\/innovazione-le-nostre-nuove-vernici-materiche\/#primaryimage"},"thumbnailUrl":"https:\/\/www.astravernici.it\/wp-content\/uploads\/2021\/09\/astra_blog_madreperla_thumb.jpg","articleSection":["News e Approfondimenti"],"inLanguage":"it-IT","potentialAction":[{"@type":"CommentAction","name":"Comment","target":["https:\/\/www.astravernici.it\/it\/innovazione-le-nostre-nuove-vernici-materiche\/#respond"]}]},{"@type":"Person","@id":"https:\/\/www.astravernici.it\/it\/#\/schema\/person\/1befcb2d75c5d7461dfe8727e0cc2f25","name":"admin","image":{"@type":"ImageObject","@id":"https:\/\/www.astravernici.it\/it\/#personlogo","inLanguage":"it-IT","url":"https:\/\/secure.gravatar.com\/avatar\/62cf4c4e335d983185d7d49781248579?s=96&d=mm&r=g","contentUrl":"https:\/\/secure.gravatar.com\/avatar\/62cf4c4e335d983185d7d49781248579?s=96&d=mm&r=g","caption":"admin"}}]}},"_links":{"self":[{"href":"https:\/\/www.astravernici.it\/it\/wp-json\/wp\/v2\/posts\/34005"}],"collection":[{"href":"https:\/\/www.astravernici.it\/it\/wp-json\/wp\/v2\/posts"}],"about":[{"href":"https:\/\/www.astravernici.it\/it\/wp-json\/wp\/v2\/types\/post"}],"author":[{"embeddable":true,"href":"https:\/\/www.astravernici.it\/it\/wp-json\/wp\/v2\/users\/1"}],"replies":[{"embeddable":true,"href":"https:\/\/www.astravernici.it\/it\/wp-json\/wp\/v2\/comments?post=34005"}],"version-history":[{"count":0,"href":"https:\/\/www.astravernici.it\/it\/wp-json\/wp\/v2\/posts\/34005\/revisions"}],"wp:featuredmedia":[{"embeddable":true,"href":"https:\/\/www.astravernici.it\/it\/wp-json\/wp\/v2\/media\/34070"}],"wp:attachment":[{"href":"https:\/\/www.astravernici.it\/it\/wp-json\/wp\/v2\/media?parent=34005"}],"wp:term":[{"taxonomy":"category","embeddable":true,"href":"https:\/\/www.astravernici.it\/it\/wp-json\/wp\/v2\/categories?post=34005"},{"taxonomy":"post_tag","embeddable":true,"href":"https:\/\/www.astravernici.it\/it\/wp-json\/wp\/v2\/tags?post=34005"}],"curies":[{"name":"wp","href":"https:\/\/api.w.org\/{rel}","templated":true}]}}